{"id":53417,"date":"2017-04-06T21:01:43","date_gmt":"2017-04-07T00:01:43","guid":{"rendered":"http:\/\/pdt-rj.org.br\/?p=53417"},"modified":"2017-06-13T17:51:33","modified_gmt":"2017-06-13T20:51:33","slug":"o-rolo-compressor-foi-ativado","status":"publish","type":"post","link":"https:\/\/pdt-rj.org.br\/index.php\/o-rolo-compressor-foi-ativado\/","title":{"rendered":"O rolo compressor foi ativado"},"content":{"rendered":"<p>O Brasil vive um momento de forte retrocesso nos direitos sociais. A base governista na C\u00e2mara aprovou, como um rolo compressor, o projeto da terceiriza\u00e7\u00e3o, e tenta, com o mesmo ritmo, aprovar as reformas da Previd\u00eancia e Trabalhista, sem debates, sem di\u00e1logo. A estrat\u00e9gia \u00e9 tratar de tudo simultaneamente para que o povo n\u00e3o tenha tempo de tomar conhecimento, nem consiga se organizar. De uma s\u00f3 vez, o governo tenta esvaziar a Justi\u00e7a Trabalhista, enfraquecer as leis que garantem direitos ao trabalhador e faz\u00ea-lo trabalhar at\u00e9 morrer, literalmente. N\u00e3o podemos deixar isso acontecer.<\/p>\n<p>A l\u00f3gica do governo \u00e9 a do sistema financeiro, de um Estado m\u00ednimo com lucros m\u00e1ximos. Ignorando que o Brasil \u00e9 um pa\u00eds de profundas desigualdades sociais e regionais, que precisa de um Estado presente e regulador das rela\u00e7\u00f5es econ\u00f4micas e sociais para mitigar as diferen\u00e7as. Sem essa presen\u00e7a n\u00e3o teremos o melhor dos mundos do neoliberalismo, como sonham alguns, mas a volta ao pr\u00e9-capitalismo, das condi\u00e7\u00f5es prec\u00e1rias de emprego e do retorno dos \u00edndices vergonhosos de mis\u00e9ria no pa\u00eds.<\/p>\n<p>\u00c9 o que acontecer\u00e1, por exemplo, se passar a proposta de equiparar o trabalhador rural ao urbano, com aposentadoria aos 65 anos, depois de efetiva contribui\u00e7\u00e3o por 15 anos. Uma ideia que transita entre o desconhecimento e a m\u00e1-f\u00e9: ou o governo n\u00e3o conhece o verdadeiro Brasil ou n\u00e3o se importa em deixar sem renda milhares de fam\u00edlias que vivem da pequena agricultura.<\/p>\n<p>&nbsp;<\/p>\n<p><strong><em>* Weverton Rocha \u00e9 deputado federal e l\u00edder do PDT na C\u00e2mara<\/em><\/strong><\/p>\n<!-- AddThis Advanced Settings generic via filter on the_content --><!-- AddThis Share Buttons generic via filter on the_content -->","protected":false},"excerpt":{"rendered":"<p>O Brasil vive um momento de forte retrocesso nos direitos sociais. A base governista na C\u00e2mara aprovou, como um rolo compressor, o projeto da terceiriza\u00e7\u00e3o, e tenta, com o mesmo ritmo, aprovar as reformas da Previd\u00eancia e Trabalhista, sem debates, sem di\u00e1logo. A estrat\u00e9gia \u00e9 tratar de tudo simultaneamente para que o povo n\u00e3o tenha&#8230;<!-- AddThis Advanced Settings generic via filter on wp_trim_excerpt --><!-- AddThis Share Buttons generic via filter on wp_trim_excerpt --><\/p>\n","protected":false},"author":17,"featured_media":53418,"comment_status":"closed","ping_status":"closed","sticky":false,"template":"","format":"standard","meta":{"_monsterinsights_skip_tracking":false,"_monsterinsights_sitenote_active":false,"_monsterinsights_sitenote_note":"","_monsterinsights_sitenote_category":0,"_uf_show_specific_survey":0,"_uf_disable_surveys":false,"footnotes":""},"categories":[1584,1390],"tags":[962],"class_list":["post-53417","post","type-post","status-publish","format-standard","has-post-thumbnail","hentry","category-artigos","category-editorias","tag-weverton-rocha"],"acf":[],"_links":{"self":[{"href":"https:\/\/pdt-rj.org.br\/index.php\/wp-json\/wp\/v2\/posts\/53417","targetHints":{"allow":["GET"]}}],"collection":[{"href":"https:\/\/pdt-rj.org.br\/index.php\/wp-json\/wp\/v2\/posts"}],"about":[{"href":"https:\/\/pdt-rj.org.br\/index.php\/wp-json\/wp\/v2\/types\/post"}],"author":[{"embeddable":true,"href":"https:\/\/pdt-rj.org.br\/index.php\/wp-json\/wp\/v2\/users\/17"}],"replies":[{"embeddable":true,"href":"https:\/\/pdt-rj.org.br\/index.php\/wp-json\/wp\/v2\/comments?post=53417"}],"version-history":[{"count":5,"href":"https:\/\/pdt-rj.org.br\/index.php\/wp-json\/wp\/v2\/posts\/53417\/revisions"}],"predecessor-version":[{"id":54348,"href":"https:\/\/pdt-rj.org.br\/index.php\/wp-json\/wp\/v2\/posts\/53417\/revisions\/54348"}],"wp:featuredmedia":[{"embeddable":true,"href":"https:\/\/pdt-rj.org.br\/index.php\/wp-json\/wp\/v2\/media\/53418"}],"wp:attachment":[{"href":"https:\/\/pdt-rj.org.br\/index.php\/wp-json\/wp\/v2\/media?parent=53417"}],"wp:term":[{"taxonomy":"category","embeddable":true,"href":"https:\/\/pdt-rj.org.br\/index.php\/wp-json\/wp\/v2\/categories?post=53417"},{"taxonomy":"post_tag","embeddable":true,"href":"https:\/\/pdt-rj.org.br\/index.php\/wp-json\/wp\/v2\/tags?post=53417"}],"curies":[{"name":"wp","href":"https:\/\/api.w.org\/{rel}","templated":true}]}}