{"id":53411,"date":"2017-04-06T20:39:31","date_gmt":"2017-04-06T23:39:31","guid":{"rendered":"http:\/\/pdt-rj.org.br\/?p=53411"},"modified":"2017-04-19T19:46:38","modified_gmt":"2017-04-19T22:46:38","slug":"fundacao-leonel-brizola-promove-seminario-nacional-de-prefeitos-e-vices-do-pdt-em-brasilia","status":"publish","type":"post","link":"https:\/\/pdt-rj.org.br\/index.php\/fundacao-leonel-brizola-promove-seminario-nacional-de-prefeitos-e-vices-do-pdt-em-brasilia\/","title":{"rendered":"Funda\u00e7\u00e3o Leonel Brizola promove Semin\u00e1rio Nacional de Prefeitos e Vices do PDT, em Bras\u00edlia"},"content":{"rendered":"<p>A Funda\u00e7\u00e3o Leonel Brizola \u2013 Alberto Pasqualini (FLB-AP) e PDT promovem a Frente Nacional de Prefeitos (FNP), \u00a0o Semin\u00e1rio Nacional de Prefeitos, Prefeitas e Vices do PDT. Programado para o dia 24 de abril, no est\u00e1dio Man\u00e9 Garrincha, em Bras\u00edlia, o evento conta com o tema \u201cConstruindo a gest\u00e3o trabalhista, transparente e participativa\u201d.<\/p>\n<p>Integrado ao Encontro dos Munic\u00edpios com o Desenvolvimento Sustent\u00e1vel (EMDS), da FNP, que acontece de 24 a 28 de abril,\u00a0no mesmo local, a iniciativa pedetista reunir\u00e1 centenas de gestores em pain\u00e9is que analisar\u00e3o propostas para desenvolvimento da educa\u00e7\u00e3o p\u00fablica de qualidade, al\u00e9m de debater a situa\u00e7\u00e3o pol\u00edtica nacional.<\/p>\n<p>Conduzida pelo presidente nacional do PDT, Carlos Lupi, e pelo secret\u00e1rio-geral da sigla e presidente da FLB-AP, Manoel Dias, a abertura contar\u00e1 ainda com as presen\u00e7as das principais lideran\u00e7as da sigla, incluindo o pr\u00e9-candidato a presidente da Rep\u00fablica, Ciro Gomes, e ter\u00e1 transmiss\u00e3o ao vivo pelas redes sociais da Funda\u00e7\u00e3o.<\/p>\n<p>O debates ser\u00e3o liderados pelos prefeitos de Natal (RN), Carlos Eduardo Alves, de S\u00e3o Lu\u00eds (MA), Edvaldo Holanda J\u00fanior; de Fortaleza (CE), Roberto Cl\u00e1udio; de Bombinhas (SC), Ana Paula da Silva, de Sobral (CE), Ivo Gomes, bem como dos ex-prefeitos de Curitiba (PR), Gustavo Fruet; de Canoas (RS), Jairo Jorge, e de Porto Alegre (RS), Jos\u00e9 Fortunati.<\/p>\n<p><strong>Inscri\u00e7\u00f5es<\/strong><\/p>\n<p>O cadastramento \u00e9 gratuito e j\u00e1 pode ser realizado pelo site:\u00a0<a href=\"http:\/\/www.emds.fnp.org.br\/\">www.emds.fnp.org.br<\/a>. No endere\u00e7o eletr\u00f4nico tamb\u00e9m est\u00e3o dispon\u00edveis a programa\u00e7\u00e3o e as principais not\u00edcias sobre a organiza\u00e7\u00e3o e a metodologia do evento da FNP.<\/p>\n<!-- AddThis Advanced Settings generic via filter on the_content --><!-- AddThis Share Buttons generic via filter on the_content -->","protected":false},"excerpt":{"rendered":"<p>A Funda\u00e7\u00e3o Leonel Brizola \u2013 Alberto Pasqualini (FLB-AP) e PDT promovem a Frente Nacional de Prefeitos (FNP), \u00a0o Semin\u00e1rio Nacional de Prefeitos, Prefeitas e Vices do PDT. Programado para o dia 24 de abril, no est\u00e1dio Man\u00e9 Garrincha, em Bras\u00edlia, o evento conta com o tema \u201cConstruindo a gest\u00e3o trabalhista, transparente e participativa\u201d. Integrado ao&#8230;<!-- AddThis Advanced Settings generic via filter on wp_trim_excerpt --><!-- AddThis Share Buttons generic via filter on wp_trim_excerpt --><\/p>\n","protected":false},"author":17,"featured_media":53412,"comment_status":"closed","ping_status":"closed","sticky":false,"template":"","format":"standard","meta":{"_monsterinsights_skip_tracking":false,"_monsterinsights_sitenote_active":false,"_monsterinsights_sitenote_note":"","_monsterinsights_sitenote_category":0,"_uf_show_specific_survey":0,"_uf_disable_surveys":false,"footnotes":""},"categories":[1390,1401],"tags":[114,1032,196,2142,2141,2140,426,1225,1009,526,591],"class_list":["post-53411","post","type-post","status-publish","format-standard","has-post-thumbnail","hentry","category-editorias","category-nacional","tag-ana-paula-da-silva","tag-carlos-eduardo-alves","tag-carlos-lupi","tag-edvaldo-holanda","tag-fnp","tag-frente-nacional-de-prefeitos","tag-fundacao-leonel-brizola-alberto-pasqualini","tag-gustavo-fruet","tag-ivo-gomes","tag-jose-fortunati","tag-manoel-dias"],"acf":[],"_links":{"self":[{"href":"https:\/\/pdt-rj.org.br\/index.php\/wp-json\/wp\/v2\/posts\/53411","targetHints":{"allow":["GET"]}}],"collection":[{"href":"https:\/\/pdt-rj.org.br\/index.php\/wp-json\/wp\/v2\/posts"}],"about":[{"href":"https:\/\/pdt-rj.org.br\/index.php\/wp-json\/wp\/v2\/types\/post"}],"author":[{"embeddable":true,"href":"https:\/\/pdt-rj.org.br\/index.php\/wp-json\/wp\/v2\/users\/17"}],"replies":[{"embeddable":true,"href":"https:\/\/pdt-rj.org.br\/index.php\/wp-json\/wp\/v2\/comments?post=53411"}],"version-history":[{"count":6,"href":"https:\/\/pdt-rj.org.br\/index.php\/wp-json\/wp\/v2\/posts\/53411\/revisions"}],"predecessor-version":[{"id":53610,"href":"https:\/\/pdt-rj.org.br\/index.php\/wp-json\/wp\/v2\/posts\/53411\/revisions\/53610"}],"wp:featuredmedia":[{"embeddable":true,"href":"https:\/\/pdt-rj.org.br\/index.php\/wp-json\/wp\/v2\/media\/53412"}],"wp:attachment":[{"href":"https:\/\/pdt-rj.org.br\/index.php\/wp-json\/wp\/v2\/media?parent=53411"}],"wp:term":[{"taxonomy":"category","embeddable":true,"href":"https:\/\/pdt-rj.org.br\/index.php\/wp-json\/wp\/v2\/categories?post=53411"},{"taxonomy":"post_tag","embeddable":true,"href":"https:\/\/pdt-rj.org.br\/index.php\/wp-json\/wp\/v2\/tags?post=53411"}],"curies":[{"name":"wp","href":"https:\/\/api.w.org\/{rel}","templated":true}]}}