{"id":53407,"date":"2017-04-06T20:03:27","date_gmt":"2017-04-06T23:03:27","guid":{"rendered":"http:\/\/pdt-rj.org.br\/?p=53407"},"modified":"2017-04-06T20:04:16","modified_gmt":"2017-04-06T23:04:16","slug":"53407","status":"publish","type":"post","link":"https:\/\/pdt-rj.org.br\/index.php\/53407\/","title":{"rendered":"Subtenente Gonzaga apresenta emendas \u00e0 proposta que ajuda estados em crise fiscal grave"},"content":{"rendered":"<p>O deputado federal Subtenente Gonzaga, do PDT mineiro, apresentou emendas ao Projeto de Lei Complementar (PLP) <a href=\"http:\/\/www2.camara.leg.br\/camaranoticias\/noticias\/ECONOMIA\/523615-PROJETO-DO-GOVERNO-SUSPENDE-DIVIDA-DE-ESTADOS-QUE-ADOTAREM-CONTRAPARTIDAS.html\">343\/17<\/a>, do Executivo, que imp\u00f5e regras para a ajuda da Uni\u00e3o na recupera\u00e7\u00e3o de estados em situa\u00e7\u00e3o de calamidade fiscal.<\/p>\n<p>O texto suprime as exig\u00eancias de aumentar a contribui\u00e7\u00e3o previdenci\u00e1ria, confere ao estado o direito de compensar a d\u00edvida com cr\u00e9ditos da Lei Kandir, al\u00e9m de limitar at\u00e9 31\/12\/2018 o prazo para que os estados possam entram na recupera\u00e7\u00e3o fiscal.<\/p>\n<p>Segundo o projeto, o regime poder\u00e1 durar at\u00e9 tr\u00eas anos, com prorroga\u00e7\u00e3o pelo mesmo per\u00edodo inicial. Durante esse per\u00edodo, o estado n\u00e3o pagar\u00e1 as presta\u00e7\u00f5es da d\u00edvida devidas \u00e0 Uni\u00e3o. Esses valores n\u00e3o pagos ser\u00e3o corrigidos pelos encargos financeiros previstos originariamente nos contratos para acrescent\u00e1-los aos saldos devedores atualizados.<\/p>\n<p>Al\u00e9m de medidas de redu\u00e7\u00e3o de gastos, que cada ente federado participante dever\u00e1 instituir, por meio de leis pr\u00f3prias, a morat\u00f3ria provis\u00f3ria ser\u00e1 garantida pela vincula\u00e7\u00e3o de recursos dos repasses aos estados. A solu\u00e7\u00e3o \u00e9 prevista constitucionalmente (IRRF descontado de seus servidores,\u00a0Fundo de Participa\u00e7\u00e3o dos Estados, parte do\u00a0IPI), e de tributos de sua compet\u00eancia (IPVA,\u00a0ICMS, transmiss\u00e3o causa mortis).<\/p>\n<p>Para o parlamentar, \u00e9 necess\u00e1rio que haja reequil\u00edbrio das contas p\u00fablicas, no entanto, \u201cos servidores e a popula\u00e7\u00e3o n\u00e3o podem pagar pelo desmantelo econ\u00f4mico e financeiro do Estado\u201d.<\/p>\n<p>De acordo com o\u00a0Subtenente Gonzaga, o projeto imp\u00f5e excessiva interfer\u00eancia da Uni\u00e3o na autonomia administrativa dos estados. As situa\u00e7\u00f5es que levaram \u00e0 desorganiza\u00e7\u00e3o das finan\u00e7as p\u00fablicas n\u00e3o s\u00e3o da conta dos trabalhadores, portanto, n\u00e3o \u00e9 justo que agora sejam chamados a pagar a conta\u201d, afirma.<\/p>\n<!-- AddThis Advanced Settings generic via filter on the_content --><!-- AddThis Share Buttons generic via filter on the_content -->","protected":false},"excerpt":{"rendered":"<p>O deputado federal Subtenente Gonzaga, do PDT mineiro, apresentou emendas ao Projeto de Lei Complementar (PLP) 343\/17, do Executivo, que imp\u00f5e regras para a ajuda da Uni\u00e3o na recupera\u00e7\u00e3o de estados em situa\u00e7\u00e3o de calamidade fiscal. O texto suprime as exig\u00eancias de aumentar a contribui\u00e7\u00e3o previdenci\u00e1ria, confere ao estado o direito de compensar a d\u00edvida&#8230;<!-- AddThis Advanced Settings generic via filter on wp_trim_excerpt --><!-- AddThis Share Buttons generic via filter on wp_trim_excerpt --><\/p>\n","protected":false},"author":17,"featured_media":53408,"comment_status":"closed","ping_status":"closed","sticky":false,"template":"","format":"standard","meta":{"_monsterinsights_skip_tracking":false,"_monsterinsights_sitenote_active":false,"_monsterinsights_sitenote_note":"","_monsterinsights_sitenote_category":0,"_uf_show_specific_survey":0,"_uf_disable_surveys":false,"footnotes":""},"categories":[1390,1459],"tags":[2137,2136,2134,2133,2139,2138,38,2135,895],"class_list":["post-53407","post","type-post","status-publish","format-standard","has-post-thumbnail","hentry","category-editorias","category-congresso","tag-autonomia-administrativa","tag-calamidade-fiscal","tag-crise-fiscal","tag-estados-em-crise-fiscal","tag-lei-kandir","tag-moratoria-provisoria","tag-pdt","tag-recuperacao-de-estados","tag-subtenente-gonzaga"],"acf":[],"_links":{"self":[{"href":"https:\/\/pdt-rj.org.br\/index.php\/wp-json\/wp\/v2\/posts\/53407","targetHints":{"allow":["GET"]}}],"collection":[{"href":"https:\/\/pdt-rj.org.br\/index.php\/wp-json\/wp\/v2\/posts"}],"about":[{"href":"https:\/\/pdt-rj.org.br\/index.php\/wp-json\/wp\/v2\/types\/post"}],"author":[{"embeddable":true,"href":"https:\/\/pdt-rj.org.br\/index.php\/wp-json\/wp\/v2\/users\/17"}],"replies":[{"embeddable":true,"href":"https:\/\/pdt-rj.org.br\/index.php\/wp-json\/wp\/v2\/comments?post=53407"}],"version-history":[{"count":2,"href":"https:\/\/pdt-rj.org.br\/index.php\/wp-json\/wp\/v2\/posts\/53407\/revisions"}],"predecessor-version":[{"id":53410,"href":"https:\/\/pdt-rj.org.br\/index.php\/wp-json\/wp\/v2\/posts\/53407\/revisions\/53410"}],"wp:featuredmedia":[{"embeddable":true,"href":"https:\/\/pdt-rj.org.br\/index.php\/wp-json\/wp\/v2\/media\/53408"}],"wp:attachment":[{"href":"https:\/\/pdt-rj.org.br\/index.php\/wp-json\/wp\/v2\/media?parent=53407"}],"wp:term":[{"taxonomy":"category","embeddable":true,"href":"https:\/\/pdt-rj.org.br\/index.php\/wp-json\/wp\/v2\/categories?post=53407"},{"taxonomy":"post_tag","embeddable":true,"href":"https:\/\/pdt-rj.org.br\/index.php\/wp-json\/wp\/v2\/tags?post=53407"}],"curies":[{"name":"wp","href":"https:\/\/api.w.org\/{rel}","templated":true}]}}