{"id":53389,"date":"2017-04-05T13:26:57","date_gmt":"2017-04-05T16:26:57","guid":{"rendered":"http:\/\/pdt-rj.org.br\/?p=53389"},"modified":"2017-04-05T19:11:08","modified_gmt":"2017-04-05T22:11:08","slug":"afonso-motta-critica-lista-fechada-com-candidaturas-majoritarias","status":"publish","type":"post","link":"https:\/\/pdt-rj.org.br\/index.php\/afonso-motta-critica-lista-fechada-com-candidaturas-majoritarias\/","title":{"rendered":"Afonso Motta critica lista fechada com candidaturas majorit\u00e1rias"},"content":{"rendered":"<p>A Comiss\u00e3o Especial da Reforma Pol\u00edtica (PEC 282\/16) recebeu, nessa quarta-feira (4), o relat\u00f3rio com propostas para alterar o sistema pol\u00edtico brasileiro com mudan\u00e7as nas Leis da Elei\u00e7\u00e3o, dos Partidos Pol\u00edticos, Lei de Inelegibilidade e C\u00f3digo Eleitoral.<\/p>\n<p>O foco do relat\u00f3rio \u00e9 o financiamento p\u00fablico de campanha, combinado com doa\u00e7\u00f5es de pessoas f\u00edsicas, e a institui\u00e7\u00e3o de listas partid\u00e1rias preordenadas para as elei\u00e7\u00f5es proporcionais (deputados estaduais, distritais e federais, e vereadores), associada com o fim das coliga\u00e7\u00f5es partid\u00e1rias.<\/p>\n<p>A lista fechada ser\u00e1 o \u00fanico mecanismo de escolha de deputados e vereadores nas elei\u00e7\u00f5es de 2018 e 2022. A partir de 2026, o sistema ser\u00e1 semelhante ao adotado na Alemanha: metade dos eleitos vir\u00e1 da lista fechada; e a outra metade, do sistema distrital, que \u00e9 majorit\u00e1rio (vence o que levar o maior n\u00famero de votos no distrito).<\/p>\n<p>Para o deputado Afonso Motta (PDT-RS), \u201ca lista fechada com candidaturas majorit\u00e1rias \u00e9 uma fonte de desequil\u00edbrio e fere a igualdade entre os partidos legitimamente constitu\u00eddos\u201d. Ainda segundo ele, a l\u00f3gica \u00e9 beneficiar quem participa da lista.<\/p>\n<p>O modelo atual de elei\u00e7\u00e3o de deputados e vereadores \u00e9 de lista aberta e proporcional. Cada partido ou coliga\u00e7\u00e3o indica os seus candidatos, sem limite, e s\u00e3o eleitos os que obtiverem mais votos dentro de uma combina\u00e7\u00e3o de votos pr\u00f3prios e votos da coliga\u00e7\u00e3o ou da legenda.<\/p>\n<!-- AddThis Advanced Settings generic via filter on the_content --><!-- AddThis Share Buttons generic via filter on the_content -->","protected":false},"excerpt":{"rendered":"<p>A Comiss\u00e3o Especial da Reforma Pol\u00edtica (PEC 282\/16) recebeu, nessa quarta-feira (4), o relat\u00f3rio com propostas para alterar o sistema pol\u00edtico brasileiro com mudan\u00e7as nas Leis da Elei\u00e7\u00e3o, dos Partidos Pol\u00edticos, Lei de Inelegibilidade e C\u00f3digo Eleitoral. O foco do relat\u00f3rio \u00e9 o financiamento p\u00fablico de campanha, combinado com doa\u00e7\u00f5es de pessoas f\u00edsicas, e a&#8230;<!-- AddThis Advanced Settings generic via filter on wp_trim_excerpt --><!-- AddThis Share Buttons generic via filter on wp_trim_excerpt --><\/p>\n","protected":false},"author":17,"featured_media":53399,"comment_status":"closed","ping_status":"closed","sticky":false,"template":"","format":"standard","meta":{"_monsterinsights_skip_tracking":false,"_monsterinsights_sitenote_active":false,"_monsterinsights_sitenote_note":"","_monsterinsights_sitenote_category":0,"_uf_show_specific_survey":0,"_uf_disable_surveys":false,"footnotes":""},"categories":[1390],"tags":[96,2128,2130,2129,2131,38,1740],"class_list":["post-53389","post","type-post","status-publish","format-standard","has-post-thumbnail","hentry","category-editorias","tag-afonso-motta","tag-candidaturas-majoritarias","tag-financiamento-publico-de-campanha","tag-lista-fechada","tag-listas-partidarias","tag-pdt","tag-reforma-politica"],"acf":[],"_links":{"self":[{"href":"https:\/\/pdt-rj.org.br\/index.php\/wp-json\/wp\/v2\/posts\/53389","targetHints":{"allow":["GET"]}}],"collection":[{"href":"https:\/\/pdt-rj.org.br\/index.php\/wp-json\/wp\/v2\/posts"}],"about":[{"href":"https:\/\/pdt-rj.org.br\/index.php\/wp-json\/wp\/v2\/types\/post"}],"author":[{"embeddable":true,"href":"https:\/\/pdt-rj.org.br\/index.php\/wp-json\/wp\/v2\/users\/17"}],"replies":[{"embeddable":true,"href":"https:\/\/pdt-rj.org.br\/index.php\/wp-json\/wp\/v2\/comments?post=53389"}],"version-history":[{"count":2,"href":"https:\/\/pdt-rj.org.br\/index.php\/wp-json\/wp\/v2\/posts\/53389\/revisions"}],"predecessor-version":[{"id":53392,"href":"https:\/\/pdt-rj.org.br\/index.php\/wp-json\/wp\/v2\/posts\/53389\/revisions\/53392"}],"wp:featuredmedia":[{"embeddable":true,"href":"https:\/\/pdt-rj.org.br\/index.php\/wp-json\/wp\/v2\/media\/53399"}],"wp:attachment":[{"href":"https:\/\/pdt-rj.org.br\/index.php\/wp-json\/wp\/v2\/media?parent=53389"}],"wp:term":[{"taxonomy":"category","embeddable":true,"href":"https:\/\/pdt-rj.org.br\/index.php\/wp-json\/wp\/v2\/categories?post=53389"},{"taxonomy":"post_tag","embeddable":true,"href":"https:\/\/pdt-rj.org.br\/index.php\/wp-json\/wp\/v2\/tags?post=53389"}],"curies":[{"name":"wp","href":"https:\/\/api.w.org\/{rel}","templated":true}]}}