{"id":53380,"date":"2017-04-03T19:37:43","date_gmt":"2017-04-03T22:37:43","guid":{"rendered":"http:\/\/pdt-rj.org.br\/?p=53380"},"modified":"2017-04-03T19:39:24","modified_gmt":"2017-04-03T22:39:24","slug":"sergio-vidigal-protocola-19-emendas-a-reforma-trabalhista","status":"publish","type":"post","link":"https:\/\/pdt-rj.org.br\/index.php\/sergio-vidigal-protocola-19-emendas-a-reforma-trabalhista\/","title":{"rendered":"S\u00e9rgio Vidigal protocola 19 emendas \u00e0 Reforma Trabalhista"},"content":{"rendered":"<p>A Reforma Trabalhista (PL 6787\/2016) enviada \u00e0 C\u00e2mara dos Deputados pelo governo federal, em dezembro do ano passado, d\u00e1 aos acordos coletivos for\u00e7a de lei. Para evitar que isso aconte\u00e7a, o que na pr\u00e1tica seria uma retirada de direitos trabalhistas, o deputado federal Sergio Vidigal (PDT-ES) protocolou 19 emendas em sua maioria suprimindo artigos que davam aos acordos coletivos poderes iguais aos de lei.<\/p>\n<p>\u201cApresentei essas emendas por acreditar que a flexibiliza\u00e7\u00e3o de direitos trabalhistas n\u00e3o vai criar mais empregos. Vai aumentar o n\u00famero de trabalhadores tempor\u00e1rios. \u00c9 o momento de pensar se \u00e9 isso que n\u00f3s queremos para o Brasil. Instabilidade do emprego, sal\u00e1rios achatados, trabalhador sem direitos trabalhistas. A riqueza deste pa\u00eds \u00e9 produzida pelo trabalhador brasileiro, ele n\u00e3o pode pagar a conta pela m\u00e1 gest\u00e3o daqueles que governam nosso pa\u00eds\u201d, esclareceu Vidigal.<\/p>\n<p>Uma das emendas protocoladas pelo deputado suprime o artigo do projeto dispondo que a Justi\u00e7a do Trabalho analisar\u00e1 apenas os aspectos formais, e n\u00e3o o m\u00e9rito, das Conven\u00e7\u00f5es ou Acordos Coletivos, com base nos mesmos requisitos do C\u00f3digo Civil.<\/p>\n<p>\u201cA Justi\u00e7a do Trabalho seria inutilizada e o trabalhador completamente prejudicado caso esse artigo passasse. A maioria das nossas emendas foram propostas no sentido de resguardar o que j\u00e1 \u00e9 previsto na CLT e em outras legisla\u00e7\u00f5es trabalhistas\u201d, explicou o deputado. Segue resumo das principais emendas protocoladas pelo deputado federal Sergio Vidigal. As emendas foram propostas na Comiss\u00e3o Especial que discute o projeto, caber\u00e1 ao relator deputado Rog\u00e9rio Marinho acolher ou n\u00e3o as sugest\u00f5es.<\/p>\n<p>Confira as principais emendas protocoladas pelo parlamentar:<\/p>\n<!-- AddThis Advanced Settings generic via filter on the_content --><!-- AddThis Share Buttons generic via filter on the_content -->","protected":false},"excerpt":{"rendered":"<p>A Reforma Trabalhista (PL 6787\/2016) enviada \u00e0 C\u00e2mara dos Deputados pelo governo federal, em dezembro do ano passado, d\u00e1 aos acordos coletivos for\u00e7a de lei. Para evitar que isso aconte\u00e7a, o que na pr\u00e1tica seria uma retirada de direitos trabalhistas, o deputado federal Sergio Vidigal (PDT-ES) protocolou 19 emendas em sua maioria suprimindo artigos que&#8230;<!-- AddThis Advanced Settings generic via filter on wp_trim_excerpt --><!-- AddThis Share Buttons generic via filter on wp_trim_excerpt --><\/p>\n","protected":false},"author":17,"featured_media":53382,"comment_status":"closed","ping_status":"closed","sticky":false,"template":"","format":"standard","meta":{"_monsterinsights_skip_tracking":false,"_monsterinsights_sitenote_active":false,"_monsterinsights_sitenote_note":"","_monsterinsights_sitenote_category":0,"_uf_show_specific_survey":0,"_uf_disable_surveys":false,"footnotes":""},"categories":[1390],"tags":[1578,873],"class_list":["post-53380","post","type-post","status-publish","format-standard","has-post-thumbnail","hentry","category-editorias","tag-reforma-trabalhista","tag-sergio-vidigal"],"acf":[],"_links":{"self":[{"href":"https:\/\/pdt-rj.org.br\/index.php\/wp-json\/wp\/v2\/posts\/53380","targetHints":{"allow":["GET"]}}],"collection":[{"href":"https:\/\/pdt-rj.org.br\/index.php\/wp-json\/wp\/v2\/posts"}],"about":[{"href":"https:\/\/pdt-rj.org.br\/index.php\/wp-json\/wp\/v2\/types\/post"}],"author":[{"embeddable":true,"href":"https:\/\/pdt-rj.org.br\/index.php\/wp-json\/wp\/v2\/users\/17"}],"replies":[{"embeddable":true,"href":"https:\/\/pdt-rj.org.br\/index.php\/wp-json\/wp\/v2\/comments?post=53380"}],"version-history":[{"count":2,"href":"https:\/\/pdt-rj.org.br\/index.php\/wp-json\/wp\/v2\/posts\/53380\/revisions"}],"predecessor-version":[{"id":53383,"href":"https:\/\/pdt-rj.org.br\/index.php\/wp-json\/wp\/v2\/posts\/53380\/revisions\/53383"}],"wp:featuredmedia":[{"embeddable":true,"href":"https:\/\/pdt-rj.org.br\/index.php\/wp-json\/wp\/v2\/media\/53382"}],"wp:attachment":[{"href":"https:\/\/pdt-rj.org.br\/index.php\/wp-json\/wp\/v2\/media?parent=53380"}],"wp:term":[{"taxonomy":"category","embeddable":true,"href":"https:\/\/pdt-rj.org.br\/index.php\/wp-json\/wp\/v2\/categories?post=53380"},{"taxonomy":"post_tag","embeddable":true,"href":"https:\/\/pdt-rj.org.br\/index.php\/wp-json\/wp\/v2\/tags?post=53380"}],"curies":[{"name":"wp","href":"https:\/\/api.w.org\/{rel}","templated":true}]}}