{"id":53360,"date":"2017-03-29T15:03:37","date_gmt":"2017-03-29T18:03:37","guid":{"rendered":"http:\/\/pdt-rj.org.br\/?p=53360"},"modified":"2017-04-05T20:12:49","modified_gmt":"2017-04-05T23:12:49","slug":"rodrigo-coelho-defende-licenca-de-180-dias-para-pais-em-caso-de-obito-da-gestante","status":"publish","type":"post","link":"https:\/\/pdt-rj.org.br\/index.php\/rodrigo-coelho-defende-licenca-de-180-dias-para-pais-em-caso-de-obito-da-gestante\/","title":{"rendered":"Rodrigo Coelho defende licen\u00e7a de 180 dias para pais em caso de \u00f3bito da gestante"},"content":{"rendered":"<p>O deputado estadual Rodrigo Coelho defendeu em plen\u00e1rio, nessa quarta-feira (29), as duas emendas que apresentou ao Projeto de Lei Complementar 08\/2017, que disp\u00f5e sobre a licen\u00e7a paternidade de 20 dias para servidores p\u00fablicos no estado. Uma das emendas do pedetista estabelece que, caso a gestante venha a \u00f3bito no parto, o pai da crian\u00e7a tenha direito \u00e0 licen\u00e7a de 180 dias para acompanhar o desenvolvimento da crian\u00e7a.<\/p>\n<p>A outra emenda apresentada por Rodrigo Coelho estabelece que o nascimento ou a ado\u00e7\u00e3o de crian\u00e7as sejam comprovados, para efeito do requerimento da licen\u00e7a paternidade, conforme a legisla\u00e7\u00e3o civil. O objetivo \u00e9 resguardar o direito aos pais adotivos, j\u00e1 que o texto atual da lei determina a Certid\u00e3o de Nascimento como \u00fanico documento para comprova\u00e7\u00e3o do nascimento, restringindo direitos dos pais de crian\u00e7as adotadas.<\/p>\n<p>Entre os argumentos apresentados pelos deputados que solicitaram a discuss\u00e3o, est\u00e1 o de os servidores poderiam ter mais filhos para gozar do per\u00edodo de licen\u00e7a. Tamb\u00e9m foi questionado se o per\u00edodo de tempo de afastamento do pai \u00e9 necess\u00e1rio no atual cen\u00e1rio de crise econ\u00f4mica. Diante da discuss\u00e3o, o deputado Rodrigo Coelho argumentou pela defesa do projeto e das emendas apresentadas.<\/p>\n<p>&#8220;Entendo que n\u00f3s precisamos melhorar a produtividade do trabalho, dando ao trabalhador outros elementos que fa\u00e7am com que ele se dedique com mais efetividade no exerc\u00edcio da sua fun\u00e7\u00e3o. Suponhamos, ent\u00e3o, que haja o \u00f3bito da gestante no parto. O pai faz jus \u00e0 licen\u00e7a de mesmo tamanho que a da m\u00e3e para ter o cuidado com a crian\u00e7a?\u201d, questionou o deputado.<\/p>\n<p>Para ele, seria importante que, na aus\u00eancia da m\u00e3e, o pai fizesse jus a essa licen\u00e7a para dar aquele carinho que o emocional dessa crian\u00e7a vai precisar para sua forma\u00e7\u00e3o. \u201cMinha emenda vai nessa dire\u00e7\u00e3o, para dar ao pai o direito \u00e0 licen\u00e7a para dar \u00e0 crian\u00e7a o conforto que ela precisa. \u00c9 o direito do trabalhador e da crian\u00e7a&#8221;, defendeu Rodrigo Coelho.<\/p>\n<p>A discuss\u00e3o sobre a mat\u00e9ria prossegue na pr\u00f3xima semana no plen\u00e1rio, uma vez que o deputado Nunes, presidente da Comiss\u00e3o de Cidadania, pediu vista do projeto.<\/p>\n<!-- AddThis Advanced Settings generic via filter on the_content --><!-- AddThis Share Buttons generic via filter on the_content -->","protected":false},"excerpt":{"rendered":"<p>O deputado estadual Rodrigo Coelho defendeu em plen\u00e1rio, nessa quarta-feira (29), as duas emendas que apresentou ao Projeto de Lei Complementar 08\/2017, que disp\u00f5e sobre a licen\u00e7a paternidade de 20 dias para servidores p\u00fablicos no estado. Uma das emendas do pedetista estabelece que, caso a gestante venha a \u00f3bito no parto, o pai da crian\u00e7a&#8230;<!-- AddThis Advanced Settings generic via filter on wp_trim_excerpt --><!-- AddThis Share Buttons generic via filter on wp_trim_excerpt --><\/p>\n","protected":false},"author":17,"featured_media":53404,"comment_status":"closed","ping_status":"closed","sticky":false,"template":"","format":"standard","meta":{"_monsterinsights_skip_tracking":false,"_monsterinsights_sitenote_active":false,"_monsterinsights_sitenote_note":"","_monsterinsights_sitenote_category":0,"_uf_show_specific_survey":0,"_uf_disable_surveys":false,"footnotes":""},"categories":[1390],"tags":[1448],"class_list":["post-53360","post","type-post","status-publish","format-standard","has-post-thumbnail","hentry","category-editorias","tag-rodrigo-coelho"],"acf":[],"_links":{"self":[{"href":"https:\/\/pdt-rj.org.br\/index.php\/wp-json\/wp\/v2\/posts\/53360","targetHints":{"allow":["GET"]}}],"collection":[{"href":"https:\/\/pdt-rj.org.br\/index.php\/wp-json\/wp\/v2\/posts"}],"about":[{"href":"https:\/\/pdt-rj.org.br\/index.php\/wp-json\/wp\/v2\/types\/post"}],"author":[{"embeddable":true,"href":"https:\/\/pdt-rj.org.br\/index.php\/wp-json\/wp\/v2\/users\/17"}],"replies":[{"embeddable":true,"href":"https:\/\/pdt-rj.org.br\/index.php\/wp-json\/wp\/v2\/comments?post=53360"}],"version-history":[{"count":4,"href":"https:\/\/pdt-rj.org.br\/index.php\/wp-json\/wp\/v2\/posts\/53360\/revisions"}],"predecessor-version":[{"id":53406,"href":"https:\/\/pdt-rj.org.br\/index.php\/wp-json\/wp\/v2\/posts\/53360\/revisions\/53406"}],"wp:featuredmedia":[{"embeddable":true,"href":"https:\/\/pdt-rj.org.br\/index.php\/wp-json\/wp\/v2\/media\/53404"}],"wp:attachment":[{"href":"https:\/\/pdt-rj.org.br\/index.php\/wp-json\/wp\/v2\/media?parent=53360"}],"wp:term":[{"taxonomy":"category","embeddable":true,"href":"https:\/\/pdt-rj.org.br\/index.php\/wp-json\/wp\/v2\/categories?post=53360"},{"taxonomy":"post_tag","embeddable":true,"href":"https:\/\/pdt-rj.org.br\/index.php\/wp-json\/wp\/v2\/tags?post=53360"}],"curies":[{"name":"wp","href":"https:\/\/api.w.org\/{rel}","templated":true}]}}