{"id":53325,"date":"2017-03-29T19:16:50","date_gmt":"2017-03-29T22:16:50","guid":{"rendered":"http:\/\/pdt-rj.org.br\/?p=53325"},"modified":"2017-03-30T13:32:54","modified_gmt":"2017-03-30T16:32:54","slug":"comissao-de-agriculta-vai-ouvir-autoridades-sobre-reforma-da-previdencia-e-operacao-carne-fraca","status":"publish","type":"post","link":"https:\/\/pdt-rj.org.br\/index.php\/comissao-de-agriculta-vai-ouvir-autoridades-sobre-reforma-da-previdencia-e-operacao-carne-fraca\/","title":{"rendered":"Comiss\u00e3o de Agricultura vai ouvir autoridades sobre \u201cReforma da Previd\u00eancia\u201d e opera\u00e7\u00e3o \u201cCarne Fraca\u201d"},"content":{"rendered":"<p>A Comiss\u00e3o de Agricultura aprovou, nesta quarta-feira (29), dois requerimentos de audi\u00eancia p\u00fablica do deputado Assis do Couto (PDT-PR). O primeiro discutir\u00e1 os impactos da Reforma da Previd\u00eancia na agricultura familiar e na produ\u00e7\u00e3o de alimentos.<\/p>\n<p>Os convidados para o debate s\u00e3o: Eliseu Padilha, Ministro-Chefe da Casa Civil, Alberto Erc\u00edlio Broch, presidente da Confedera\u00e7\u00e3o Nacional dos Trabalhadores Rurais Agricultores e Agricultoras Familiares (Contag), Jane Berwanger, presidente do Instituto Brasileiro de Direito Previdenci\u00e1rio (IBDP) e Marcelo Caetano, Secret\u00e1rio da Previd\u00eancia Social.<\/p>\n<p>O segundo requerimento promove debate sobre a inspe\u00e7\u00e3o sanit\u00e1ria de produtos de origem animal adotada no Brasil, inclusive sobre a inaplicabilidade do Sistema Unificado de Aten\u00e7\u00e3o \u00e0 Sanidade Agropecu\u00e1ria (Suasa), bem como sobre a opera\u00e7\u00e3o \u201cCarne Fraca\u201d.<\/p>\n<p>Para este evento, Assis do Couto solicitou as seguintes presen\u00e7as: Blairo Maggi, Ministro da Agricultura, Pecu\u00e1ria e Abastecimento, Jos\u00e9 Ricardo Roseno, Secret\u00e1rio Especial de Agricultura Familiar e do Desenvolvimento Agr\u00e1rio, Alberto Erc\u00edlio Broch, presidente da Contag, Luiz Ademir Possamai, presidente da Unicafes e Marcio Lopes de Freitas, presidente da OCB.<\/p>\n<p>O local e data das audi\u00eancias ainda ser\u00e3o divulgados pela comiss\u00e3o.<\/p>\n<!-- AddThis Advanced Settings generic via filter on the_content --><!-- AddThis Share Buttons generic via filter on the_content -->","protected":false},"excerpt":{"rendered":"<p>A Comiss\u00e3o de Agricultura aprovou, nesta quarta-feira (29), dois requerimentos de audi\u00eancia p\u00fablica do deputado Assis do Couto (PDT-PR). O primeiro discutir\u00e1 os impactos da Reforma da Previd\u00eancia na agricultura familiar e na produ\u00e7\u00e3o de alimentos. Os convidados para o debate s\u00e3o: Eliseu Padilha, Ministro-Chefe da Casa Civil, Alberto Erc\u00edlio Broch, presidente da Confedera\u00e7\u00e3o Nacional&#8230;<!-- AddThis Advanced Settings generic via filter on wp_trim_excerpt --><!-- AddThis Share Buttons generic via filter on wp_trim_excerpt --><\/p>\n","protected":false},"author":17,"featured_media":53326,"comment_status":"closed","ping_status":"closed","sticky":false,"template":"","format":"standard","meta":{"_monsterinsights_skip_tracking":false,"_monsterinsights_sitenote_active":false,"_monsterinsights_sitenote_note":"","_monsterinsights_sitenote_category":0,"_uf_show_specific_survey":0,"_uf_disable_surveys":false,"footnotes":""},"categories":[1390,1459],"tags":[103,137,2116,2117,2115,1773],"class_list":["post-53325","post","type-post","status-publish","format-standard","has-post-thumbnail","hentry","category-editorias","category-congresso","tag-agricultura-familiar","tag-assis-do-couto","tag-contag","tag-inspecao-sanitaria","tag-operacao-carne-fraca","tag-reforma-da-previdencia"],"acf":[],"_links":{"self":[{"href":"https:\/\/pdt-rj.org.br\/index.php\/wp-json\/wp\/v2\/posts\/53325","targetHints":{"allow":["GET"]}}],"collection":[{"href":"https:\/\/pdt-rj.org.br\/index.php\/wp-json\/wp\/v2\/posts"}],"about":[{"href":"https:\/\/pdt-rj.org.br\/index.php\/wp-json\/wp\/v2\/types\/post"}],"author":[{"embeddable":true,"href":"https:\/\/pdt-rj.org.br\/index.php\/wp-json\/wp\/v2\/users\/17"}],"replies":[{"embeddable":true,"href":"https:\/\/pdt-rj.org.br\/index.php\/wp-json\/wp\/v2\/comments?post=53325"}],"version-history":[{"count":3,"href":"https:\/\/pdt-rj.org.br\/index.php\/wp-json\/wp\/v2\/posts\/53325\/revisions"}],"predecessor-version":[{"id":53344,"href":"https:\/\/pdt-rj.org.br\/index.php\/wp-json\/wp\/v2\/posts\/53325\/revisions\/53344"}],"wp:featuredmedia":[{"embeddable":true,"href":"https:\/\/pdt-rj.org.br\/index.php\/wp-json\/wp\/v2\/media\/53326"}],"wp:attachment":[{"href":"https:\/\/pdt-rj.org.br\/index.php\/wp-json\/wp\/v2\/media?parent=53325"}],"wp:term":[{"taxonomy":"category","embeddable":true,"href":"https:\/\/pdt-rj.org.br\/index.php\/wp-json\/wp\/v2\/categories?post=53325"},{"taxonomy":"post_tag","embeddable":true,"href":"https:\/\/pdt-rj.org.br\/index.php\/wp-json\/wp\/v2\/tags?post=53325"}],"curies":[{"name":"wp","href":"https:\/\/api.w.org\/{rel}","templated":true}]}}