{"id":53317,"date":"2017-03-29T10:37:08","date_gmt":"2017-03-29T13:37:08","guid":{"rendered":"http:\/\/pdt-rj.org.br\/?p=53317"},"modified":"2017-04-10T21:57:46","modified_gmt":"2017-04-11T00:57:46","slug":"stf-determina-que-maia-explique-votacao-do-projeto-da-terceirizacao","status":"publish","type":"post","link":"https:\/\/pdt-rj.org.br\/index.php\/stf-determina-que-maia-explique-votacao-do-projeto-da-terceirizacao\/","title":{"rendered":"STF determina que Maia explique vota\u00e7\u00e3o do projeto da Terceiriza\u00e7\u00e3o"},"content":{"rendered":"<p>Em despacho divulgado na noite dessa ter\u00e7a-feira (29), o ministro do Supremo Tribunal Federal (STF), Celso de Mello, determina que o presidente da C\u00e2mara dos Deputados, Rodrigo Maia, se explique sobre a vota\u00e7\u00e3o do projeto 4302\/1998, que aprova a Terceiriza\u00e7\u00e3o. O despacho \u00e9 uma resposta ao mandado de seguran\u00e7a impetrado pelo deputado federal Andr\u00e9 Figueiredo (PDT-CE) na \u00faltima quinta-feira (23) contra a aprova\u00e7\u00e3o da terceiriza\u00e7\u00e3o.<\/p>\n<p>A a\u00e7\u00e3o alega que Rodrigo Maia desrespeitou a Constitui\u00e7\u00e3o Federal e o Regimento Interno da C\u00e2mara dos Deputados ao colocar em vota\u00e7\u00e3o o projeto sem antes aprovar requerimento de urg\u00eancia para a mat\u00e9ria.<\/p>\n<p>O Mandato de Seguran\u00e7a n\u00ba 34708 tem como relator o Ministro Celso de Melo, e pede a anula\u00e7\u00e3o da vota\u00e7\u00e3o realizada na C\u00e2mara e a suspens\u00e3o da sua tramita\u00e7\u00e3o no Legislativo. O despacho emitido pelo ministro n\u00e3o determina prazo para que a C\u00e2mara se explique.<\/p>\n<!-- AddThis Advanced Settings generic via filter on the_content --><!-- AddThis Share Buttons generic via filter on the_content -->","protected":false},"excerpt":{"rendered":"<p>Em despacho divulgado na noite dessa ter\u00e7a-feira (29), o ministro do Supremo Tribunal Federal (STF), Celso de Mello, determina que o presidente da C\u00e2mara dos Deputados, Rodrigo Maia, se explique sobre a vota\u00e7\u00e3o do projeto 4302\/1998, que aprova a Terceiriza\u00e7\u00e3o. O despacho \u00e9 uma resposta ao mandado de seguran\u00e7a impetrado pelo deputado federal Andr\u00e9 Figueiredo&#8230;<!-- AddThis Advanced Settings generic via filter on wp_trim_excerpt --><!-- AddThis Share Buttons generic via filter on wp_trim_excerpt --><\/p>\n","protected":false},"author":17,"featured_media":53318,"comment_status":"closed","ping_status":"closed","sticky":false,"template":"","format":"standard","meta":{"_monsterinsights_skip_tracking":false,"_monsterinsights_sitenote_active":false,"_monsterinsights_sitenote_note":"","_monsterinsights_sitenote_category":0,"_uf_show_specific_survey":0,"_uf_disable_surveys":false,"footnotes":""},"categories":[1390,1459],"tags":[34,38,1931,2085],"class_list":["post-53317","post","type-post","status-publish","format-standard","has-post-thumbnail","hentry","category-editorias","category-congresso","tag-andre-figueiredo","tag-pdt","tag-rodrigo-maia","tag-terceirizacao"],"acf":[],"_links":{"self":[{"href":"https:\/\/pdt-rj.org.br\/index.php\/wp-json\/wp\/v2\/posts\/53317","targetHints":{"allow":["GET"]}}],"collection":[{"href":"https:\/\/pdt-rj.org.br\/index.php\/wp-json\/wp\/v2\/posts"}],"about":[{"href":"https:\/\/pdt-rj.org.br\/index.php\/wp-json\/wp\/v2\/types\/post"}],"author":[{"embeddable":true,"href":"https:\/\/pdt-rj.org.br\/index.php\/wp-json\/wp\/v2\/users\/17"}],"replies":[{"embeddable":true,"href":"https:\/\/pdt-rj.org.br\/index.php\/wp-json\/wp\/v2\/comments?post=53317"}],"version-history":[{"count":5,"href":"https:\/\/pdt-rj.org.br\/index.php\/wp-json\/wp\/v2\/posts\/53317\/revisions"}],"predecessor-version":[{"id":53458,"href":"https:\/\/pdt-rj.org.br\/index.php\/wp-json\/wp\/v2\/posts\/53317\/revisions\/53458"}],"wp:featuredmedia":[{"embeddable":true,"href":"https:\/\/pdt-rj.org.br\/index.php\/wp-json\/wp\/v2\/media\/53318"}],"wp:attachment":[{"href":"https:\/\/pdt-rj.org.br\/index.php\/wp-json\/wp\/v2\/media?parent=53317"}],"wp:term":[{"taxonomy":"category","embeddable":true,"href":"https:\/\/pdt-rj.org.br\/index.php\/wp-json\/wp\/v2\/categories?post=53317"},{"taxonomy":"post_tag","embeddable":true,"href":"https:\/\/pdt-rj.org.br\/index.php\/wp-json\/wp\/v2\/tags?post=53317"}],"curies":[{"name":"wp","href":"https:\/\/api.w.org\/{rel}","templated":true}]}}