{"id":53310,"date":"2017-03-28T19:33:33","date_gmt":"2017-03-28T22:33:33","guid":{"rendered":"http:\/\/pdt-rj.org.br\/?p=53310"},"modified":"2017-03-30T16:10:22","modified_gmt":"2017-03-30T19:10:22","slug":"roberto-claudio-visita-alemanha-e-india-em-busca-investimentos-publicos-e-privados","status":"publish","type":"post","link":"https:\/\/pdt-rj.org.br\/index.php\/roberto-claudio-visita-alemanha-e-india-em-busca-investimentos-publicos-e-privados\/","title":{"rendered":"Roberto Cl\u00e1udio visita Alemanha e \u00cdndia em busca investimentos p\u00fablicos e privados"},"content":{"rendered":"<p id=\"yui_3_16_0_1_1490705051532_291700\" class=\"yiv4761523999gmail-m_-4983136656955366049gmail-m_811039219272161739p2\"><span id=\"yui_3_16_0_1_1490705051532_291710\">O prefeito de Fortaleza, Roberto Cl\u00e1udio (PDT-CE), cumpre, nos pr\u00f3ximos dias, extensa agenda internacional em Frankfurt, Alemanha, e em Nova Deli, na \u00cdndia. Na primeira, o gestor municipal se re\u00fane\u00a0<\/span><span id=\"yui_3_16_0_1_1490705051532_291699\">com Stefan Schulte, CEO da Frankfurt Airport Services Worldwide (Fraport), empresa alem\u00e3 que administrar\u00e1 o Aeroporto Internacional Pinto Martins pelos pr\u00f3ximos 30 anos.\u00a0<\/span><\/p>\n<p id=\"yui_3_16_0_1_1490705051532_291709\" class=\"yiv4761523999gmail-m_-4983136656955366049gmail-m_811039219272161739p2\"><span id=\"yui_3_16_0_1_1490705051532_291708\">No pr\u00f3ximo dia 29, Roberto Cl\u00e1udio apresentar\u00e1 aspectos voltados para o potencial econ\u00f4mico, social e tur\u00edstico da cidade de Fortaleza, al\u00e9m de discutir o cronograma de prazos de implanta\u00e7\u00e3o da concess\u00e3o e, sobretudo, buscar maior integra\u00e7\u00e3o com o investidor. <\/span><\/p>\n<p class=\"yiv4761523999gmail-m_-4983136656955366049gmail-m_811039219272161739p2\"><span id=\"yui_3_16_0_1_1490705051532_291708\">\u201cN\u00f3s vamos saber o que a Prefeitura pode fazer para potencializar e maximizar a presen\u00e7a da Fraport na cidade de Fortaleza. Incentivos tribut\u00e1rios, capacita\u00e7\u00e3o profissional, quais iniciativas o Munic\u00edpio pode empreender, junto com o Governo do Estado, para garantir a presen\u00e7a mais \u00fatil poss\u00edvel ao Munic\u00edpio na perspectiva de promover desenvolvimento e de gerar emprego e renda\u201d, destacou o Prefeito.<\/span><\/p>\n<p id=\"yui_3_16_0_1_1490705051532_291717\" class=\"yiv4761523999gmail-m_-4983136656955366049gmail-m_811039219272161739p1\"><span id=\"yui_3_16_0_1_1490705051532_291716\" class=\"yiv4761523999gmail-m_-4983136656955366049gmail-m_811039219272161739s1\">Nessa perspectiva, para al\u00e9m dos aspectos administrativos e pol\u00edticos, uma visita operacional pelo Aeroporto de Frankfurt ser\u00e1 realizado nesta quinta-feira (30). Durante a visita, ser\u00e3o avaliadas as configura\u00e7\u00f5es de servi\u00e7os, de log\u00edstica e de intera\u00e7\u00e3o com as quest\u00f5es municipais locais.<\/span><\/p>\n<p id=\"yui_3_16_0_1_1490705051532_291704\" class=\"yiv4761523999gmail-m_-4983136656955366049gmail-m_811039219272161739p1\"><span id=\"yui_3_16_0_1_1490705051532_291703\" class=\"yiv4761523999gmail-m_-4983136656955366049gmail-m_811039219272161739s1\">Em Nova Deli, Roberto Cl\u00e1udio participar\u00e1, no dia 31, da reuni\u00e3o anual do New Development Bank (NDB), institui\u00e7\u00e3o financeira do Brics. \u00danico prefeito convidado do Brasil, o pedetista ministrar\u00e1 uma palestra em um semin\u00e1rio com representantes das demais Na\u00e7\u00f5es que comp\u00f5em o bloco dos pa\u00edses em desenvolvimento (Brasil, R\u00fassia, \u00cdndia, China e \u00c1frica do Sul). <\/span><\/p>\n<p class=\"yiv4761523999gmail-m_-4983136656955366049gmail-m_811039219272161739p1\"><span id=\"yui_3_16_0_1_1490705051532_291703\" class=\"yiv4761523999gmail-m_-4983136656955366049gmail-m_811039219272161739s1\">\u201cVamos apresentar a nossa experi\u00eancia de planejamento urbano e tamb\u00e9m de implanta\u00e7\u00e3o de algumas pol\u00edticas em \u00e1reas espec\u00edficas, como mobilidade urbana, sustentabilidade e infraestrutura social. Apresentar como, em uma \u00e1rea de periferia, sem oportunidade, a gente conseguiu fazer Areninhas, pra\u00e7as, pavimenta\u00e7\u00e3o, modificar a qualidade de vida dessas \u00e1reas mais pobres\u201d, antecipou o gestor municipal de Fortaleza, que tamb\u00e9m presentar\u00e1\u00a0<\/span><span id=\"yui_3_16_0_1_1490705051532_291706\" class=\"yiv4761523999gmail-m_-4983136656955366049gmail-m_811039219272161739s1\">os<span class=\"yiv4761523999gmail-m_-4983136656955366049gmail-m_811039219272161739Apple-converted-space\">\u00a0\u00a0<\/span>projetos que poder\u00e3o ser financiados pelo Brics, inclusos no Plano Fortaleza 2040. <\/span><\/p>\n<p class=\"yiv4761523999gmail-m_-4983136656955366049gmail-m_811039219272161739p1\"><span id=\"yui_3_16_0_1_1490705051532_291706\" class=\"yiv4761523999gmail-m_-4983136656955366049gmail-m_811039219272161739s1\">Os referidos investimentos poder\u00e3o ser destinados, ainda, \u00e0s obras de urbaniza\u00e7\u00e3o dos corredores de transporte p\u00fablico de BRT como o da Avenida Bezerra de Menezes e o que ser\u00e1 implantado na Avenida Aguanambi, do Parque Rachel de Queiroz, do metr\u00f4 linha sul, dentre diversas outras a\u00e7\u00f5es. \u201cNo outro dia, n\u00f3s estaremos com alguns vice-presidentes desses pa\u00edses, com alguns empreendedores, para apresentar esses projetos na perspectiva de atrair investimentos privados\u201d, finalizou o Prefeito.<\/span><\/p>\n<p id=\"yui_3_16_0_1_1490705051532_291719\" class=\"yiv4761523999gmail-m_-4983136656955366049gmail-m_811039219272161739p1\"><span id=\"yui_3_16_0_1_1490705051532_291718\" class=\"yiv4761523999gmail-m_-4983136656955366049gmail-m_811039219272161739s1\">Nesse intervalo, compreendido entre os dias 28 de mar\u00e7o e 2 de abril, data prevista para o retorno de Roberto Cl\u00e1udio, o vice-prefeito, Moroni Torgan, assume interinamente a Prefeitura. \u201cVou tentar seguir os passos do Prefeito naquilo o que ele vem fazendo e se esfor\u00e7ando, um Prefeito atuante, que n\u00e3o fica em gabinete, que anda e v\u00ea os problemas da Cidade. Vou tentar seguir neste mesmo ritmo&#8221;, garante Torgan.<\/span><\/p>\n<!-- AddThis Advanced Settings generic via filter on the_content --><!-- AddThis Share Buttons generic via filter on the_content -->","protected":false},"excerpt":{"rendered":"<p>O prefeito de Fortaleza, Roberto Cl\u00e1udio (PDT-CE), cumpre, nos pr\u00f3ximos dias, extensa agenda internacional em Frankfurt, Alemanha, e em Nova Deli, na \u00cdndia. Na primeira, o gestor municipal se re\u00fane\u00a0com Stefan Schulte, CEO da Frankfurt Airport Services Worldwide (Fraport), empresa alem\u00e3 que administrar\u00e1 o Aeroporto Internacional Pinto Martins pelos pr\u00f3ximos 30 anos.\u00a0 No pr\u00f3ximo dia&#8230;<!-- AddThis Advanced Settings generic via filter on wp_trim_excerpt --><!-- AddThis Share Buttons generic via filter on wp_trim_excerpt --><\/p>\n","protected":false},"author":17,"featured_media":53347,"comment_status":"closed","ping_status":"closed","sticky":false,"template":"","format":"standard","meta":{"_monsterinsights_skip_tracking":false,"_monsterinsights_sitenote_active":false,"_monsterinsights_sitenote_note":"","_monsterinsights_sitenote_category":0,"_uf_show_specific_survey":0,"_uf_disable_surveys":false,"footnotes":""},"categories":[1390,1402],"tags":[2122,2121,38,836],"class_list":["post-53310","post","type-post","status-publish","format-standard","has-post-thumbnail","hentry","category-editorias","category-cidades","tag-brics","tag-frankfurt-airport-services-worldwide","tag-pdt","tag-roberto-claudio"],"acf":[],"_links":{"self":[{"href":"https:\/\/pdt-rj.org.br\/index.php\/wp-json\/wp\/v2\/posts\/53310","targetHints":{"allow":["GET"]}}],"collection":[{"href":"https:\/\/pdt-rj.org.br\/index.php\/wp-json\/wp\/v2\/posts"}],"about":[{"href":"https:\/\/pdt-rj.org.br\/index.php\/wp-json\/wp\/v2\/types\/post"}],"author":[{"embeddable":true,"href":"https:\/\/pdt-rj.org.br\/index.php\/wp-json\/wp\/v2\/users\/17"}],"replies":[{"embeddable":true,"href":"https:\/\/pdt-rj.org.br\/index.php\/wp-json\/wp\/v2\/comments?post=53310"}],"version-history":[{"count":4,"href":"https:\/\/pdt-rj.org.br\/index.php\/wp-json\/wp\/v2\/posts\/53310\/revisions"}],"predecessor-version":[{"id":53348,"href":"https:\/\/pdt-rj.org.br\/index.php\/wp-json\/wp\/v2\/posts\/53310\/revisions\/53348"}],"wp:featuredmedia":[{"embeddable":true,"href":"https:\/\/pdt-rj.org.br\/index.php\/wp-json\/wp\/v2\/media\/53347"}],"wp:attachment":[{"href":"https:\/\/pdt-rj.org.br\/index.php\/wp-json\/wp\/v2\/media?parent=53310"}],"wp:term":[{"taxonomy":"category","embeddable":true,"href":"https:\/\/pdt-rj.org.br\/index.php\/wp-json\/wp\/v2\/categories?post=53310"},{"taxonomy":"post_tag","embeddable":true,"href":"https:\/\/pdt-rj.org.br\/index.php\/wp-json\/wp\/v2\/tags?post=53310"}],"curies":[{"name":"wp","href":"https:\/\/api.w.org\/{rel}","templated":true}]}}