{"id":53304,"date":"2017-03-28T18:05:04","date_gmt":"2017-03-28T21:05:04","guid":{"rendered":"http:\/\/pdt-rj.org.br\/?p=53304"},"modified":"2017-03-30T15:40:20","modified_gmt":"2017-03-30T18:40:20","slug":"o-ciro-gomes-e-um-subversivo","status":"publish","type":"post","link":"https:\/\/pdt-rj.org.br\/index.php\/o-ciro-gomes-e-um-subversivo\/","title":{"rendered":"O Ciro Gomes \u00e9 um subversivo"},"content":{"rendered":"<p>A roda da hist\u00f3ria gira. Muitas vezes para tr\u00e1s, mas algumas coisas n\u00e3o se alteram, n\u00e3o mudam, n\u00e3o se transformam, e n\u00e3o se modificam. Uma delas \u00e9 a hipocrisia. Este fingimento dissimulado de parte de nossas elites, doen\u00e7a at\u00e1vica e incur\u00e1vel das capitanias heredit\u00e1rias.<\/p>\n<p>Incultos pol\u00edticos cultivam a superficialidade \u201celegante\u201d nos meios esnobes de seus c\u00edrculos e, deformam conceitos e vivem de chav\u00f5es.\u00a0Rezaram ardentemente contra o \u201ccomunista\u201d Jo\u00e3o Goulart, mas n\u00e3o tiveram a menor compaix\u00e3o com os por\u00f5es do DOI-CODI, e com as barbaridades cometidas pelo regime dos generais.<\/p>\n<p>Para eles, essa gente \u00e9 subversiva e perigosa.<\/p>\n<p>Bateram panelas contra Dilma Rousseff, mas, hoje, n\u00e3o se escandalizam contra a quadrilha do PMDB e seus ap\u00eandices tucanos no desmonte dos direitos trabalhistas, previdenci\u00e1rios, com o ataque \u00e0 Constitui\u00e7\u00e3o, e a roubalheira desses partidos.<\/p>\n<p>Ciro Gomes, cujo curr\u00edculo de servi\u00e7os prestados \u00e0 sociedade brasileira, \u00e9 incontest\u00e1vel com ampla aprova\u00e7\u00e3o. Sofre do mal da \u201cdes-hipocrisia\u201d, ou seja, um verdadeiro subversivo aos olhos de madames e cavaleiros parasitas p\u00e1trios e hist\u00e9ricos.<\/p>\n<p>Ressalta-se que, o argumento dos ac\u00e9falos de conceitos pol\u00edticos, como no caso dos Delegados e Ju\u00edzes e autoridades do Regime ditatorial no Brasil de (1964 -1985) era que o \u201cacusado\u201d era subversivo, portanto tinha que ser torturado, morto, preso.<\/p>\n<p>Subversivo expressa o conceito de transforma\u00e7\u00e3o de id\u00e9ias e valores, muitas vezes de mudan\u00e7as revolucion\u00e1rias e profundas.<\/p>\n<p>Em tempos de governo ileg\u00edtimo, de golpe, temos que ser subversivos mesmo, e Ciro Gomes cumpre esse papel de \u201cd\u00eas-hipocrisar\u201d a pol\u00edtica.<\/p>\n<p>Suas posi\u00e7\u00f5es s\u00e3o de enfrentamento perante um estado capitulado por gangsteres que exercem a pol\u00edtica em proveito pr\u00f3prio, defendendo interesses ileg\u00edtimos, de deformidades \u00e9ticas e morais.<\/p>\n<p>Os chocados e horrorizados com as declara\u00e7\u00f5es de Ciro Gomes s\u00e3o incapazes de apontar algum processo ou condena\u00e7\u00e3o dele; n\u00e3o que isso seja m\u00e9rito, mas obriga\u00e7\u00e3o.<\/p>\n<p>Ao contr\u00e1rio, compactuam com os maiores bandidos do pa\u00eds.<\/p>\n<p>Ciro representa sim o rompimento \u00e0 mudan\u00e7a de uma pol\u00edtica viciada, hip\u00f3crita e de submiss\u00e3o aos capit\u00e3es heredit\u00e1rios.<\/p>\n<p>Poucos podem colocar o dedo nos carcinomas de nossa sociedade como Ciro Gomes.<\/p>\n<p>\u00c9 preciso romper com essa trag\u00e9dia pol\u00edtica que vivemos.<\/p>\n<p>At\u00e9 porque uma das melhores qualidades de Ciro Gomes \u00e9 n\u00e3o ser hip\u00f3crita, e ser subversivo em tempos de golpe.<\/p>\n<p>&nbsp;<\/p>\n<p style=\"text-align: left;\"><em><strong>*Henrique Matthiesen \u00e9 bacharel em direito e atua como professor e conteudista \u00a0na Funda\u00e7\u00e3o Leonel Brizola &#8211; Alberto Pasqualini (FLP-AP).<\/strong><\/em><\/p>\n<!-- AddThis Advanced Settings generic via filter on the_content --><!-- AddThis Share Buttons generic via filter on the_content -->","protected":false},"excerpt":{"rendered":"<p>A roda da hist\u00f3ria gira. Muitas vezes para tr\u00e1s, mas algumas coisas n\u00e3o se alteram, n\u00e3o mudam, n\u00e3o se transformam, e n\u00e3o se modificam. Uma delas \u00e9 a hipocrisia. Este fingimento dissimulado de parte de nossas elites, doen\u00e7a at\u00e1vica e incur\u00e1vel das capitanias heredit\u00e1rias. Incultos pol\u00edticos cultivam a superficialidade \u201celegante\u201d nos meios esnobes de seus&#8230;<!-- AddThis Advanced Settings generic via filter on wp_trim_excerpt --><!-- AddThis Share Buttons generic via filter on wp_trim_excerpt --><\/p>\n","protected":false},"author":17,"featured_media":52485,"comment_status":"closed","ping_status":"closed","sticky":false,"template":"","format":"standard","meta":{"_monsterinsights_skip_tracking":false,"_monsterinsights_sitenote_active":false,"_monsterinsights_sitenote_note":"","_monsterinsights_sitenote_category":0,"_uf_show_specific_survey":0,"_uf_disable_surveys":false,"footnotes":""},"categories":[1584,1390],"tags":[220,23],"class_list":["post-53304","post","type-post","status-publish","format-standard","has-post-thumbnail","hentry","category-artigos","category-editorias","tag-ciro-gomes","tag-dilma-rousseff"],"acf":[],"_links":{"self":[{"href":"https:\/\/pdt-rj.org.br\/index.php\/wp-json\/wp\/v2\/posts\/53304","targetHints":{"allow":["GET"]}}],"collection":[{"href":"https:\/\/pdt-rj.org.br\/index.php\/wp-json\/wp\/v2\/posts"}],"about":[{"href":"https:\/\/pdt-rj.org.br\/index.php\/wp-json\/wp\/v2\/types\/post"}],"author":[{"embeddable":true,"href":"https:\/\/pdt-rj.org.br\/index.php\/wp-json\/wp\/v2\/users\/17"}],"replies":[{"embeddable":true,"href":"https:\/\/pdt-rj.org.br\/index.php\/wp-json\/wp\/v2\/comments?post=53304"}],"version-history":[{"count":3,"href":"https:\/\/pdt-rj.org.br\/index.php\/wp-json\/wp\/v2\/posts\/53304\/revisions"}],"predecessor-version":[{"id":53346,"href":"https:\/\/pdt-rj.org.br\/index.php\/wp-json\/wp\/v2\/posts\/53304\/revisions\/53346"}],"wp:featuredmedia":[{"embeddable":true,"href":"https:\/\/pdt-rj.org.br\/index.php\/wp-json\/wp\/v2\/media\/52485"}],"wp:attachment":[{"href":"https:\/\/pdt-rj.org.br\/index.php\/wp-json\/wp\/v2\/media?parent=53304"}],"wp:term":[{"taxonomy":"category","embeddable":true,"href":"https:\/\/pdt-rj.org.br\/index.php\/wp-json\/wp\/v2\/categories?post=53304"},{"taxonomy":"post_tag","embeddable":true,"href":"https:\/\/pdt-rj.org.br\/index.php\/wp-json\/wp\/v2\/tags?post=53304"}],"curies":[{"name":"wp","href":"https:\/\/api.w.org\/{rel}","templated":true}]}}