{"id":53281,"date":"2017-03-27T20:27:03","date_gmt":"2017-03-27T23:27:03","guid":{"rendered":"http:\/\/pdt-rj.org.br\/?p=53281"},"modified":"2017-04-06T21:07:30","modified_gmt":"2017-04-07T00:07:30","slug":"o-golpe-na-previdencia","status":"publish","type":"post","link":"https:\/\/pdt-rj.org.br\/index.php\/o-golpe-na-previdencia\/","title":{"rendered":"O golpe na Previd\u00eancia"},"content":{"rendered":"<p>A reforma da Previd\u00eancia, proposta pelo governo ileg\u00edtimo, tem como objetivo central penalizar o trabalhador brasileiro e impelir a privatiza\u00e7\u00e3o.<\/p>\n<p>A correla\u00e7\u00e3o do tempo de contribui\u00e7\u00e3o com a formaliza\u00e7\u00e3o das rela\u00e7\u00f5es de trabalho \u00e9 diretamente influenciada pelo crescimento econ\u00f4mico. Nas regi\u00f5es mais empobrecidas temos, ainda, mais um fator de desequil\u00edbrio: a forma\u00e7\u00e3o profissional.<\/p>\n<p>Como consequ\u00eancia desta equa\u00e7\u00e3o temos que, ao preponderar o aumento do tempo de contribui\u00e7\u00e3o \u2013 15 para 25 anos -, milhares de trabalhadores, ao final de suas vidas laborais, n\u00e3o ter\u00e3o qualquer prote\u00e7\u00e3o previdenci\u00e1ria!<\/p>\n<p>O crime de colocar idade m\u00ednima em um universo desigual como o Brasil significa, por exemplo, que um trabalhador rural no norte e nordeste, cuja expectativa de vida \u00e9 de 65 anos, jamais obter\u00e1 o direito \u00e0 aposentadoria; assim como as mulheres \u2013 que t\u00eam, no m\u00ednimo, dupla jornada \u2013 com o argumento desavergonhado e pasc\u00e1cio de direitos iguais.<\/p>\n<p>Diferentemente dos privil\u00e9gios de precoces aposentadorias de pol\u00edticos, magistrados, membros do Minist\u00e9rio P\u00fablico, aposentadorias especiais, na sonega\u00e7\u00e3o etc.<\/p>\n<p>Raciocinar situa\u00e7\u00f5es desiguais em um crit\u00e9rio igual \u00e9 m\u00e1 f\u00e9 e execr\u00e1vel.<\/p>\n<p>Esquecem-se dolosamente que as contribui\u00e7\u00f5es sociais sobre o lucro l\u00edquido, PIS, Confins, contribui\u00e7\u00e3o patronal, contribui\u00e7\u00e3o dos trabalhadores, do setor p\u00fablico, o regime geral, mais do que pagam as despesas. Na verdade, usam o dinheiro da Previd\u00eancia para fazer o ajuste fiscal.<\/p>\n<p>N\u00e3o podemos mais sermos ref\u00e9ns dos bancos que enxergam o sistema previdenci\u00e1rio, n\u00e3o como prote\u00e7\u00e3o social, mas sim como um plano de capitaliza\u00e7\u00e3o.<\/p>\n<p>A falsa argumenta\u00e7\u00e3o do d\u00e9ficit de nossa Previd\u00eancia resulta de manipula\u00e7\u00e3o cont\u00e1bil, que encobre a pol\u00edtica governamental e origina desvios de receitas da Seguridade Social.<\/p>\n<p>Escondem ainda os verdadeiros interesses de reduzir as despesas previdenci\u00e1rias para abastecerem os juros da d\u00edvida p\u00fablica, e empurrarem os trabalhadores aos planos privados de previd\u00eancia.<\/p>\n<p>O governo evita mexer nos privilegiados e retrocede aos tempos escravocratas.<\/p>\n<p>Mais uma vez querem que o trabalhador pague a conta.<\/p>\n<p>&nbsp;<\/p>\n<p><strong><em>*Manoel Dias \u00e9 ex-ministro do Trabalho e Emprego, atual Presidente da Funda\u00e7\u00e3o Leonel Brizola \u2013 Alberto Pasqualini e Secret\u00e1rio-Geral Nacional do PDT.<\/em><\/strong><\/p>\n<!-- AddThis Advanced Settings generic via filter on the_content --><!-- AddThis Share Buttons generic via filter on the_content -->","protected":false},"excerpt":{"rendered":"<p>A reforma da Previd\u00eancia, proposta pelo governo ileg\u00edtimo, tem como objetivo central penalizar o trabalhador brasileiro e impelir a privatiza\u00e7\u00e3o. A correla\u00e7\u00e3o do tempo de contribui\u00e7\u00e3o com a formaliza\u00e7\u00e3o das rela\u00e7\u00f5es de trabalho \u00e9 diretamente influenciada pelo crescimento econ\u00f4mico. Nas regi\u00f5es mais empobrecidas temos, ainda, mais um fator de desequil\u00edbrio: a forma\u00e7\u00e3o profissional. Como consequ\u00eancia&#8230;<!-- AddThis Advanced Settings generic via filter on wp_trim_excerpt --><!-- AddThis Share Buttons generic via filter on wp_trim_excerpt --><\/p>\n","protected":false},"author":17,"featured_media":53282,"comment_status":"closed","ping_status":"closed","sticky":false,"template":"","format":"standard","meta":{"_monsterinsights_skip_tracking":false,"_monsterinsights_sitenote_active":false,"_monsterinsights_sitenote_note":"","_monsterinsights_sitenote_category":0,"_uf_show_specific_survey":0,"_uf_disable_surveys":false,"footnotes":""},"categories":[1584,1390],"tags":[2107,2109,2108,2105,2112,591,2106,1773,2111,2110],"class_list":["post-53281","post","type-post","status-publish","format-standard","has-post-thumbnail","hentry","category-artigos","category-editorias","tag-confins","tag-contribuicao-dos-trabalhadores","tag-contribuicao-patronal","tag-lucro-liquido","tag-manipulacao-contabil","tag-manoel-dias","tag-pis","tag-reforma-da-previdencia","tag-regime-geral","tag-setor-publico"],"acf":[],"_links":{"self":[{"href":"https:\/\/pdt-rj.org.br\/index.php\/wp-json\/wp\/v2\/posts\/53281","targetHints":{"allow":["GET"]}}],"collection":[{"href":"https:\/\/pdt-rj.org.br\/index.php\/wp-json\/wp\/v2\/posts"}],"about":[{"href":"https:\/\/pdt-rj.org.br\/index.php\/wp-json\/wp\/v2\/types\/post"}],"author":[{"embeddable":true,"href":"https:\/\/pdt-rj.org.br\/index.php\/wp-json\/wp\/v2\/users\/17"}],"replies":[{"embeddable":true,"href":"https:\/\/pdt-rj.org.br\/index.php\/wp-json\/wp\/v2\/comments?post=53281"}],"version-history":[{"count":6,"href":"https:\/\/pdt-rj.org.br\/index.php\/wp-json\/wp\/v2\/posts\/53281\/revisions"}],"predecessor-version":[{"id":53422,"href":"https:\/\/pdt-rj.org.br\/index.php\/wp-json\/wp\/v2\/posts\/53281\/revisions\/53422"}],"wp:featuredmedia":[{"embeddable":true,"href":"https:\/\/pdt-rj.org.br\/index.php\/wp-json\/wp\/v2\/media\/53282"}],"wp:attachment":[{"href":"https:\/\/pdt-rj.org.br\/index.php\/wp-json\/wp\/v2\/media?parent=53281"}],"wp:term":[{"taxonomy":"category","embeddable":true,"href":"https:\/\/pdt-rj.org.br\/index.php\/wp-json\/wp\/v2\/categories?post=53281"},{"taxonomy":"post_tag","embeddable":true,"href":"https:\/\/pdt-rj.org.br\/index.php\/wp-json\/wp\/v2\/tags?post=53281"}],"curies":[{"name":"wp","href":"https:\/\/api.w.org\/{rel}","templated":true}]}}