{"id":53263,"date":"2017-03-24T19:16:40","date_gmt":"2017-03-24T22:16:40","guid":{"rendered":"http:\/\/pdt-rj.org.br\/?p=53263"},"modified":"2017-04-05T19:04:01","modified_gmt":"2017-04-05T22:04:01","slug":"vereadores-do-pdt-aprovam-mais-de-60-mocoes-contra-reforma-da-previdencia","status":"publish","type":"post","link":"https:\/\/pdt-rj.org.br\/index.php\/vereadores-do-pdt-aprovam-mais-de-60-mocoes-contra-reforma-da-previdencia\/","title":{"rendered":"PDT aprova mais de 60 mo\u00e7\u00f5es contra reforma da Previd\u00eancia"},"content":{"rendered":"<p>A reforma da Previd\u00eancia Social, atualmente em tr\u00e2mite no Congresso Nacional, foi o tema central de diversas discuss\u00f5es em c\u00e2maras municipais de todo o Pa\u00eds. E, em mais de 60 delas, o PDT aprovou uma mo\u00e7\u00e3o unificada de rep\u00fadio \u00e0 Proposta de Emenda \u00e0 Constitui\u00e7\u00e3o (PEC 287\/2016), que trata do sistema de aposentadoria dos brasileiros, apresentada pelo governo de Michel Temer no ano passado.<\/p>\n<p>Articulada pela Frente Nacional de Vereadores do partido \u2013 criada durante o IV Semin\u00e1rio Nacional de Vereadores do partido, em fevereiro deste ano \u2013, a mo\u00e7\u00e3o de rep\u00fadio busca mobilizar a popula\u00e7\u00e3o contra o pacote de medidas que, segundo os parlamentares, \u201crepresentar\u00e1, sob o pretexto da sustentabilidade do Sistema, um enorme retrocesso num pa\u00eds com profundas desigualdades e diferen\u00e7as, incluindo, na pr\u00e1tica, o fim do direito \u00e0 aposentadoria para a maior parte da popula\u00e7\u00e3o brasileira\u201d.<\/p>\n<p>No documento, os pedetistas afirmam ainda que, \u201cem contraposi\u00e7\u00e3o ao falso dilema do d\u00e9ficit da previd\u00eancia, existem outras formas de enfrentar o problema, sem a retirada de direitos conquistados com sacrif\u00edcio pelo povo brasileiro, ao longo das d\u00e9cadas\u201d. Como op\u00e7\u00f5es, eles destacam o combate \u00e0 sonega\u00e7\u00e3o e \u00e0 corrup\u00e7\u00e3o para garantir o aumento da receita l\u00edquida do sistema de seguridade social, a utiliza\u00e7\u00e3o dos recursos arrecadados pela previd\u00eancia para sua finalidade e o fim do custeio de outros encargos do governo, principalmente o pagamento da d\u00edvida p\u00fablica.<\/p>\n<p>Ao elogiar a articula\u00e7\u00e3o dos vereadores do PDT em todo Brasil, o presidente Nacional do partido, Carlos Lupi \u2013 que comandou no \u00faltimo dia 18 de mar\u00e7o uma mo\u00e7\u00e3o do PDT contra as reformas previdenci\u00e1ria e trabalhista \u2013 frisou a import\u00e2ncia de a legenda Trabalhista ratificar o seu posicionamento junto \u00e0 popula\u00e7\u00e3o.<\/p>\n<p>\u201cN\u00f3s, enquanto partido pol\u00edtico, temos um lado. E nosso dever \u00e9 mostrar \u00e0 popula\u00e7\u00e3o o que defendemos: prote\u00e7\u00e3o intransigente dos direitos os trabalhadores, educa\u00e7\u00e3o p\u00fablica de qualidade, entre outras bandeiras. Essa articula\u00e7\u00e3o dos nossos vereadores, capitaneada pela Funda\u00e7\u00e3o, \u00e9 fundamental para este trabalho. Todos ganham e nossos ideais chegam cada vez mais longe\u201d, disse.<\/p>\n<p>Para o secret\u00e1rio-geral do PDT e presidente da Funda\u00e7\u00e3o Leonel Brizola \u2013 Alberto Pasqualini (FLB-AP), Manoel Dias, a reforma \u00e9 uma afronta ao desenvolvimento social que a popula\u00e7\u00e3o vivenciou na \u00faltima d\u00e9cada.<\/p>\n<p>\u201cNos crit\u00e9rios do governo, para se aposentar com sal\u00e1rio integral aos 65 anos, o trabalhador precisar\u00e1 ter um emprego com carteira assinada j\u00e1 com 16 anos e manter suas contribui\u00e7\u00f5es ao longo de 50 anos. Por isso, vamos seguir nas trincheiras para garantir os direitos de cada cidad\u00e3o brasileiro\u201d, destacou.<\/p>\n<p><strong>Expans\u00e3o nacional<\/strong><\/p>\n<p>Na \u00faltima ter\u00e7a-feira (21), a C\u00e2mara Municipal de Foz do Igua\u00e7u, no Paran\u00e1, aprovou, por unanimidade, Mo\u00e7\u00e3o de Rep\u00fadio de autoria do vereador pedetista Celino Fertrin (PDT-PR), que refuta toda e qualquer medida que v\u00e1 de encontro aos direitos sociais conquistados historicamente pelos trabalhadores brasileiros.<\/p>\n<p>No entendimento de Fretrin, a proposta de Temer retira especialmente os direitos dos trabalhadores que recebem sal\u00e1rio m\u00ednimo e das agricultoras e agricultores familiares, que s\u00e3o respons\u00e1veis pela produ\u00e7\u00e3o de aproximadamente 70% (setenta por cento) dos alimentos que v\u00e3o \u00e0 mesa do povo brasileiro.<\/p>\n<p>\u201cQuerem implantar leis para sugar ainda mais o sangue da popula\u00e7\u00e3o. Os sal\u00e1rios que realmente oneram a previd\u00eancia s\u00e3o de pol\u00edticos de alto escal\u00e3o que possuem sal\u00e1rios alt\u00edssimos e se aposentam com altos proventos. \u00c9 necess\u00e1rio que seja uma auditoria nas contas p\u00fablicas. A PEC dobra a contribui\u00e7\u00e3o, sufocando as mulheres que passam de 25 a 49 anos de contribui\u00e7\u00e3o trabalhista. Essa PEC representa um enorme retrocesso a um pa\u00eds que j\u00e1 tem tantas desigualdades e diferen\u00e7as\u201d, enfatizou vereador Fertrin.<\/p>\n<p>Em Timon, no Maranh\u00e3o, os vereadores, liderados pelo presidente da C\u00e2mara, Uilma Resende (PDT), tamb\u00e9m defenderam, de forma un\u00e2nime, a aprova\u00e7\u00e3o da primeira mo\u00e7\u00e3o contra a Reforma no estado. Resende ressaltou a import\u00e2ncia de multiplicar a proposta por todo o Brasil.<\/p>\n<p>\u201cEspero que outras casas legislativas possam adotar a mesma medida como forma de pressionar o congresso, pois a PEC da Previd\u00eancia causar\u00e1 enormes preju\u00edzos a classe trabalhadora do pa\u00eds\u201d, argumentou.<\/p>\n<!-- AddThis Advanced Settings generic via filter on the_content --><!-- AddThis Share Buttons generic via filter on the_content -->","protected":false},"excerpt":{"rendered":"<p>A reforma da Previd\u00eancia Social, atualmente em tr\u00e2mite no Congresso Nacional, foi o tema central de diversas discuss\u00f5es em c\u00e2maras municipais de todo o Pa\u00eds. E, em mais de 60 delas, o PDT aprovou uma mo\u00e7\u00e3o unificada de rep\u00fadio \u00e0 Proposta de Emenda \u00e0 Constitui\u00e7\u00e3o (PEC 287\/2016), que trata do sistema de aposentadoria dos brasileiros,&#8230;<!-- AddThis Advanced Settings generic via filter on wp_trim_excerpt --><!-- AddThis Share Buttons generic via filter on wp_trim_excerpt --><\/p>\n","protected":false},"author":17,"featured_media":53264,"comment_status":"closed","ping_status":"closed","sticky":false,"template":"","format":"standard","meta":{"_monsterinsights_skip_tracking":false,"_monsterinsights_sitenote_active":false,"_monsterinsights_sitenote_note":"","_monsterinsights_sitenote_category":0,"_uf_show_specific_survey":0,"_uf_disable_surveys":false,"footnotes":""},"categories":[1390,1401],"tags":[2102,1763,2101],"class_list":["post-53263","post","type-post","status-publish","format-standard","has-post-thumbnail","hentry","category-editorias","category-nacional","tag-celino-fertrin","tag-conselho-gaucho-de-aquicultura-e-pesca-sustentavel","tag-frente-nacional-de-vereadores"],"acf":[],"_links":{"self":[{"href":"https:\/\/pdt-rj.org.br\/index.php\/wp-json\/wp\/v2\/posts\/53263","targetHints":{"allow":["GET"]}}],"collection":[{"href":"https:\/\/pdt-rj.org.br\/index.php\/wp-json\/wp\/v2\/posts"}],"about":[{"href":"https:\/\/pdt-rj.org.br\/index.php\/wp-json\/wp\/v2\/types\/post"}],"author":[{"embeddable":true,"href":"https:\/\/pdt-rj.org.br\/index.php\/wp-json\/wp\/v2\/users\/17"}],"replies":[{"embeddable":true,"href":"https:\/\/pdt-rj.org.br\/index.php\/wp-json\/wp\/v2\/comments?post=53263"}],"version-history":[{"count":6,"href":"https:\/\/pdt-rj.org.br\/index.php\/wp-json\/wp\/v2\/posts\/53263\/revisions"}],"predecessor-version":[{"id":53398,"href":"https:\/\/pdt-rj.org.br\/index.php\/wp-json\/wp\/v2\/posts\/53263\/revisions\/53398"}],"wp:featuredmedia":[{"embeddable":true,"href":"https:\/\/pdt-rj.org.br\/index.php\/wp-json\/wp\/v2\/media\/53264"}],"wp:attachment":[{"href":"https:\/\/pdt-rj.org.br\/index.php\/wp-json\/wp\/v2\/media?parent=53263"}],"wp:term":[{"taxonomy":"category","embeddable":true,"href":"https:\/\/pdt-rj.org.br\/index.php\/wp-json\/wp\/v2\/categories?post=53263"},{"taxonomy":"post_tag","embeddable":true,"href":"https:\/\/pdt-rj.org.br\/index.php\/wp-json\/wp\/v2\/tags?post=53263"}],"curies":[{"name":"wp","href":"https:\/\/api.w.org\/{rel}","templated":true}]}}