{"id":53233,"date":"2017-03-22T17:31:15","date_gmt":"2017-03-22T20:31:15","guid":{"rendered":"http:\/\/pdt-rj.org.br\/?p=53233"},"modified":"2017-03-27T20:39:13","modified_gmt":"2017-03-27T23:39:13","slug":"andre-figueiredo-denuncia-na-pgr-desvio-de-recursos-publicos-de-propaganda-da-reforma-da-previdencia","status":"publish","type":"post","link":"https:\/\/pdt-rj.org.br\/index.php\/andre-figueiredo-denuncia-na-pgr-desvio-de-recursos-publicos-de-propaganda-da-reforma-da-previdencia\/","title":{"rendered":"Andr\u00e9 Figueiredo vai \u00e0 PGR contra desvio de recursos do Governo"},"content":{"rendered":"<p>O deputado federal Andr\u00e9 Figueiredo (PDT-DF), junto a parlamentares de oposi\u00e7\u00e3o, protocolaram na manh\u00e3 de hoje (22) na Procuradoria Gera da Rep\u00fablica (PGR), em Bras\u00edlia, pedido de investiga\u00e7\u00e3o criminal por desvio de recursos p\u00fablicos do Minist\u00e9rio do Esporte para veicular propaganda do governo federal a favor da Reforma da Previd\u00eancia (PEC 287\/2016).<\/p>\n<p>Na representa\u00e7\u00e3o, \u00e9 questionado, para realiza\u00e7\u00e3o dessa propaganda, o uso de dois contratos do Minist\u00e9rio, no valor de R$ 27,5 milh\u00f5es cada, licitados para divulga\u00e7\u00e3o da import\u00e2ncia dos jogos ol\u00edmpicos e paraol\u00edmpicos no Brasil. Subscreveram a representa\u00e7\u00e3o os deputados federais Jandira Feghali (PCdoB-RJ), Alessandro Molon (REDE-RJ), Weverton Rocha (PDT-MA), Ivan Valente (PSOL-SP), Pepe Vargas (PT-RS), Glauber Braga (PSOL-RJ), Chico Alencar (PSOL-RJ), entre outros.<\/p>\n<p>Para o deputado Andr\u00e9 Figueiredo, a propaganda de circula\u00e7\u00e3o nacional representa um desvio de finalidade.<\/p>\n<p>\u201cEm um momento em que se discute a perversidade dessa Reforma da Previd\u00eancia, o governo federal utiliza, em meio a uma crise econ\u00f4mica, recursos p\u00fablicos para fazer com que a popula\u00e7\u00e3o absorva essa ideia e tenha menos ojeriza a essa tese que na pr\u00e1tica representa o fim da aposentadoria no Brasil. Fizemos um estudo e nos deparamos com o absurdo de ver que os recursos que pagaram essa propaganda s\u00e3o oriundos de dois contratos que a Uni\u00e3o fez, por meio do Minist\u00e9rio do Esporte, para propagar a import\u00e2ncia dos jogos ol\u00edmpicos e paraol\u00edmpicos\u201d, explicou.<\/p>\n<p>Segundo o parlamentar cearense, o termo de execu\u00e7\u00e3o descentralizada, feito pela Secretaria de Comunica\u00e7\u00e3o do Governo Federal, para o Minist\u00e9rio do Esporte, precisaria de pr\u00e9via autoriza\u00e7\u00e3o legislativa.<\/p>\n<p>&#8220;Isso por si s\u00f3 j\u00e1 caracteriza crime de responsabilidade, mas \u00e9, principalmente, um crime contra as finan\u00e7as p\u00fablicas. O secret\u00e1rio geral da Presid\u00eancia da Rep\u00fablica se utilizou do poder que tem para desviar recursos p\u00fablicos de uma a\u00e7\u00e3o voltada aos jogos no Brasil\u201d, disse Andr\u00e9, relembrando que j\u00e1 existe decis\u00e3o judicial proibindo a veicula\u00e7\u00e3o enganosa e ilegal da propaganda do governo.<\/p>\n<!-- AddThis Advanced Settings generic via filter on the_content --><!-- AddThis Share Buttons generic via filter on the_content -->","protected":false},"excerpt":{"rendered":"<p>O deputado federal Andr\u00e9 Figueiredo (PDT-DF), junto a parlamentares de oposi\u00e7\u00e3o, protocolaram na manh\u00e3 de hoje (22) na Procuradoria Gera da Rep\u00fablica (PGR), em Bras\u00edlia, pedido de investiga\u00e7\u00e3o criminal por desvio de recursos p\u00fablicos do Minist\u00e9rio do Esporte para veicular propaganda do governo federal a favor da Reforma da Previd\u00eancia (PEC 287\/2016). Na representa\u00e7\u00e3o, \u00e9&#8230;<!-- AddThis Advanced Settings generic via filter on wp_trim_excerpt --><!-- AddThis Share Buttons generic via filter on wp_trim_excerpt --><\/p>\n","protected":false},"author":17,"featured_media":53234,"comment_status":"closed","ping_status":"closed","sticky":false,"template":"","format":"standard","meta":{"_monsterinsights_skip_tracking":false,"_monsterinsights_sitenote_active":false,"_monsterinsights_sitenote_note":"","_monsterinsights_sitenote_category":0,"_uf_show_specific_survey":0,"_uf_disable_surveys":false,"footnotes":""},"categories":[1390,1459],"tags":[34,38,962],"class_list":["post-53233","post","type-post","status-publish","format-standard","has-post-thumbnail","hentry","category-editorias","category-congresso","tag-andre-figueiredo","tag-pdt","tag-weverton-rocha"],"acf":[],"_links":{"self":[{"href":"https:\/\/pdt-rj.org.br\/index.php\/wp-json\/wp\/v2\/posts\/53233","targetHints":{"allow":["GET"]}}],"collection":[{"href":"https:\/\/pdt-rj.org.br\/index.php\/wp-json\/wp\/v2\/posts"}],"about":[{"href":"https:\/\/pdt-rj.org.br\/index.php\/wp-json\/wp\/v2\/types\/post"}],"author":[{"embeddable":true,"href":"https:\/\/pdt-rj.org.br\/index.php\/wp-json\/wp\/v2\/users\/17"}],"replies":[{"embeddable":true,"href":"https:\/\/pdt-rj.org.br\/index.php\/wp-json\/wp\/v2\/comments?post=53233"}],"version-history":[{"count":5,"href":"https:\/\/pdt-rj.org.br\/index.php\/wp-json\/wp\/v2\/posts\/53233\/revisions"}],"predecessor-version":[{"id":53288,"href":"https:\/\/pdt-rj.org.br\/index.php\/wp-json\/wp\/v2\/posts\/53233\/revisions\/53288"}],"wp:featuredmedia":[{"embeddable":true,"href":"https:\/\/pdt-rj.org.br\/index.php\/wp-json\/wp\/v2\/media\/53234"}],"wp:attachment":[{"href":"https:\/\/pdt-rj.org.br\/index.php\/wp-json\/wp\/v2\/media?parent=53233"}],"wp:term":[{"taxonomy":"category","embeddable":true,"href":"https:\/\/pdt-rj.org.br\/index.php\/wp-json\/wp\/v2\/categories?post=53233"},{"taxonomy":"post_tag","embeddable":true,"href":"https:\/\/pdt-rj.org.br\/index.php\/wp-json\/wp\/v2\/tags?post=53233"}],"curies":[{"name":"wp","href":"https:\/\/api.w.org\/{rel}","templated":true}]}}