{"id":53227,"date":"2017-03-22T15:29:47","date_gmt":"2017-03-22T18:29:47","guid":{"rendered":"http:\/\/pdt-rj.org.br\/?p=53227"},"modified":"2017-04-03T19:26:07","modified_gmt":"2017-04-03T22:26:07","slug":"pdt-entra-com-mandado-de-seguranca-contra-venda-da-cedae","status":"publish","type":"post","link":"https:\/\/pdt-rj.org.br\/index.php\/pdt-entra-com-mandado-de-seguranca-contra-venda-da-cedae\/","title":{"rendered":"PDT entra com Mandado de Seguran\u00e7a contra venda da Cedae"},"content":{"rendered":"<p>O PDT, atrav\u00e9s de seus advogados, deu entrada na Justi\u00e7a Federal em um Mandado de Seguran\u00e7a para evitar que a Companhia Estadual de \u00c1guas e Esgotos (Cedae), do Rio de Janeiro, seja privatizada. O Presidente Nacional do PDT, Carlos Lupi, afirmou que a decis\u00e3o \u201c\u00e9 para impedir mais um enorme crime contra o Estado do Rio\u201d. A bancada do PDT na Alerj j\u00e1 se posicionou contra a privatiza\u00e7\u00e3o.<\/p>\n<p>A tese sustentada pelo partido \u00e9 de que o comprometimento das a\u00e7\u00f5es da Cedae em garantia \u00e0 empr\u00e9stimos a serem obtidos pelo Governo do Rio no mercado, colocam em risco a propriedade da empresa \u2013 p\u00fablica e que hoje \u00e9 superavit\u00e1ria.<\/p>\n<p>\u201cBens p\u00fablicos s\u00e3o impenhor\u00e1veis. Eles n\u00e3o podem, sob nenhuma hip\u00f3tese, servir como penhor ou como garantia contratual de empr\u00e9stimos que o Estado fa\u00e7a. O governante passa, mas o e Estado n\u00e3o. A Cedae \u00e9 um bem que pertence a toda a popula\u00e7\u00e3o do Estado, que em nada tem a ver com a crise financeira que o Rio passa\u201d, afirmou Lupi.<\/p>\n<p>Diante da pior crise financeira enfrentada pelo Estado do Rio dos \u00faltimos anos, o Governo Federal, sob pretexto de ajudar as finan\u00e7as do Estado, obrigou que a Cedae seja privatizada em troca de empr\u00e9stimos. Esta medida j\u00e1 foi denunciada pelo l\u00edder da bancada na Alerj, Luizinho Martins, em duro discurso onde classificou de \u201cextors\u00e3o\u201d a medida.<\/p>\n<!-- AddThis Advanced Settings generic via filter on the_content --><!-- AddThis Share Buttons generic via filter on the_content -->","protected":false},"excerpt":{"rendered":"<p>O PDT, atrav\u00e9s de seus advogados, deu entrada na Justi\u00e7a Federal em um Mandado de Seguran\u00e7a para evitar que a Companhia Estadual de \u00c1guas e Esgotos (Cedae), do Rio de Janeiro, seja privatizada. O Presidente Nacional do PDT, Carlos Lupi, afirmou que a decis\u00e3o \u201c\u00e9 para impedir mais um enorme crime contra o Estado do&#8230;<!-- AddThis Advanced Settings generic via filter on wp_trim_excerpt --><!-- AddThis Share Buttons generic via filter on wp_trim_excerpt --><\/p>\n","protected":false},"author":17,"featured_media":53228,"comment_status":"closed","ping_status":"closed","sticky":false,"template":"","format":"standard","meta":{"_monsterinsights_skip_tracking":false,"_monsterinsights_sitenote_active":false,"_monsterinsights_sitenote_note":"","_monsterinsights_sitenote_category":0,"_uf_show_specific_survey":0,"_uf_disable_surveys":false,"footnotes":""},"categories":[1390,1402,1401],"tags":[],"class_list":["post-53227","post","type-post","status-publish","format-standard","has-post-thumbnail","hentry","category-editorias","category-cidades","category-nacional"],"acf":[],"_links":{"self":[{"href":"https:\/\/pdt-rj.org.br\/index.php\/wp-json\/wp\/v2\/posts\/53227","targetHints":{"allow":["GET"]}}],"collection":[{"href":"https:\/\/pdt-rj.org.br\/index.php\/wp-json\/wp\/v2\/posts"}],"about":[{"href":"https:\/\/pdt-rj.org.br\/index.php\/wp-json\/wp\/v2\/types\/post"}],"author":[{"embeddable":true,"href":"https:\/\/pdt-rj.org.br\/index.php\/wp-json\/wp\/v2\/users\/17"}],"replies":[{"embeddable":true,"href":"https:\/\/pdt-rj.org.br\/index.php\/wp-json\/wp\/v2\/comments?post=53227"}],"version-history":[{"count":4,"href":"https:\/\/pdt-rj.org.br\/index.php\/wp-json\/wp\/v2\/posts\/53227\/revisions"}],"predecessor-version":[{"id":53378,"href":"https:\/\/pdt-rj.org.br\/index.php\/wp-json\/wp\/v2\/posts\/53227\/revisions\/53378"}],"wp:featuredmedia":[{"embeddable":true,"href":"https:\/\/pdt-rj.org.br\/index.php\/wp-json\/wp\/v2\/media\/53228"}],"wp:attachment":[{"href":"https:\/\/pdt-rj.org.br\/index.php\/wp-json\/wp\/v2\/media?parent=53227"}],"wp:term":[{"taxonomy":"category","embeddable":true,"href":"https:\/\/pdt-rj.org.br\/index.php\/wp-json\/wp\/v2\/categories?post=53227"},{"taxonomy":"post_tag","embeddable":true,"href":"https:\/\/pdt-rj.org.br\/index.php\/wp-json\/wp\/v2\/tags?post=53227"}],"curies":[{"name":"wp","href":"https:\/\/api.w.org\/{rel}","templated":true}]}}