{"id":53216,"date":"2017-03-22T12:51:30","date_gmt":"2017-03-22T15:51:30","guid":{"rendered":"http:\/\/pdt-rj.org.br\/?p=53216"},"modified":"2017-03-22T12:51:30","modified_gmt":"2017-03-22T15:51:30","slug":"nota-de-esclarecimento","status":"publish","type":"post","link":"https:\/\/pdt-rj.org.br\/index.php\/nota-de-esclarecimento\/","title":{"rendered":"Nota de Esclarecimento"},"content":{"rendered":"<p>O diret\u00f3rio estadual do Partido Democr\u00e1tico Trabalhista (PDT) de Goi\u00e1s esclarece que, com rela\u00e7\u00e3o ao \u00e1udio que se refere \u00e0 indica\u00e7\u00e3o para titular da Secretaria de Agricultura do Estado de Goi\u00e1s e associada ao PDT, essa informa\u00e7\u00e3o \u00e9 completamente equivocada. A indica\u00e7\u00e3o em quest\u00e3o pertence ao deputado Jovair Arantes, que pertence ao Partido Trabalhista Brasileiro (PTB).<\/p>\n<p>O diret\u00f3rio esclarece ainda que \u00e9 comum confundirem um Partido com o outro, tendo em vista a semelhan\u00e7a fon\u00e9tica.<\/p>\n<p style=\"text-align: center;\">Dr. George Morais<br \/>\nPresidente do Diret\u00f3rio Estadual do PDT-GO<\/p>\n<!-- AddThis Advanced Settings generic via filter on the_content --><!-- AddThis Share Buttons generic via filter on the_content -->","protected":false},"excerpt":{"rendered":"<p>O diret\u00f3rio estadual do Partido Democr\u00e1tico Trabalhista (PDT) de Goi\u00e1s esclarece que, com rela\u00e7\u00e3o ao \u00e1udio que se refere \u00e0 indica\u00e7\u00e3o para titular da Secretaria de Agricultura do Estado de Goi\u00e1s e associada ao PDT, essa informa\u00e7\u00e3o \u00e9 completamente equivocada. A indica\u00e7\u00e3o em quest\u00e3o pertence ao deputado Jovair Arantes, que pertence ao Partido Trabalhista Brasileiro&#8230;<!-- AddThis Advanced Settings generic via filter on wp_trim_excerpt --><!-- AddThis Share Buttons generic via filter on wp_trim_excerpt --><\/p>\n","protected":false},"author":17,"featured_media":53217,"comment_status":"closed","ping_status":"closed","sticky":false,"template":"","format":"standard","meta":{"_monsterinsights_skip_tracking":false,"_monsterinsights_sitenote_active":false,"_monsterinsights_sitenote_note":"","_monsterinsights_sitenote_category":0,"_uf_show_specific_survey":0,"_uf_disable_surveys":false,"footnotes":""},"categories":[1390,1401],"tags":[2096,1170,529,38],"class_list":["post-53216","post","type-post","status-publish","format-standard","has-post-thumbnail","hentry","category-editorias","category-nacional","tag-george-morais","tag-goias","tag-jovair-arantes","tag-pdt"],"acf":[],"_links":{"self":[{"href":"https:\/\/pdt-rj.org.br\/index.php\/wp-json\/wp\/v2\/posts\/53216","targetHints":{"allow":["GET"]}}],"collection":[{"href":"https:\/\/pdt-rj.org.br\/index.php\/wp-json\/wp\/v2\/posts"}],"about":[{"href":"https:\/\/pdt-rj.org.br\/index.php\/wp-json\/wp\/v2\/types\/post"}],"author":[{"embeddable":true,"href":"https:\/\/pdt-rj.org.br\/index.php\/wp-json\/wp\/v2\/users\/17"}],"replies":[{"embeddable":true,"href":"https:\/\/pdt-rj.org.br\/index.php\/wp-json\/wp\/v2\/comments?post=53216"}],"version-history":[{"count":1,"href":"https:\/\/pdt-rj.org.br\/index.php\/wp-json\/wp\/v2\/posts\/53216\/revisions"}],"predecessor-version":[{"id":53218,"href":"https:\/\/pdt-rj.org.br\/index.php\/wp-json\/wp\/v2\/posts\/53216\/revisions\/53218"}],"wp:featuredmedia":[{"embeddable":true,"href":"https:\/\/pdt-rj.org.br\/index.php\/wp-json\/wp\/v2\/media\/53217"}],"wp:attachment":[{"href":"https:\/\/pdt-rj.org.br\/index.php\/wp-json\/wp\/v2\/media?parent=53216"}],"wp:term":[{"taxonomy":"category","embeddable":true,"href":"https:\/\/pdt-rj.org.br\/index.php\/wp-json\/wp\/v2\/categories?post=53216"},{"taxonomy":"post_tag","embeddable":true,"href":"https:\/\/pdt-rj.org.br\/index.php\/wp-json\/wp\/v2\/tags?post=53216"}],"curies":[{"name":"wp","href":"https:\/\/api.w.org\/{rel}","templated":true}]}}