{"id":53178,"date":"2017-03-18T00:32:54","date_gmt":"2017-03-18T03:32:54","guid":{"rendered":"http:\/\/pdt-rj.org.br\/?p=53178"},"modified":"2017-03-24T19:30:41","modified_gmt":"2017-03-24T22:30:41","slug":"amt-e-movimento-negro-reelegem-seus-presidentes","status":"publish","type":"post","link":"https:\/\/pdt-rj.org.br\/index.php\/amt-e-movimento-negro-reelegem-seus-presidentes\/","title":{"rendered":"AMT e Movimento Negro reelegem seus presidentes"},"content":{"rendered":"<p>O Movimento Negro do PDT e a A\u00e7\u00e3o da Mulher Trabalhista (AMT) reelegeram seus presidentes por aclama\u00e7\u00e3o, durante Congressos realizados ao longo da tarde e noite da \u00faltima sexta-feira (17), no Hotel Nacional, em Bras\u00edlia. Os eventos fizeram, tamb\u00e9m, um apanhado da luta dos Movimentos.<\/p>\n<p><strong>Movimento Negro<\/strong><\/p>\n<p>No Congresso do Movimento Negro, o jornalista Nilton Nascimento proferiu palestra sobre a atua\u00e7\u00e3o de Leonel Brizola, ao lado de Abdias do Nascimento, em favor da comunidade negra. \u201cBrizola previu e priorizou a atua\u00e7\u00e3o contra a discrimina\u00e7\u00e3o racial, logo na cria\u00e7\u00e3o do estatuto pedetista. Foi ele, tamb\u00e9m, quem criou o primeiro \u00f3rg\u00e3o a favor dos negros no Brasil\u201d, lembrou o jornalista.<\/p>\n<p>\u201cPrecisamos ocupar nosso espa\u00e7o dentro da pol\u00edtica e apoiar nossos companheiros para que isso aconte\u00e7a. A comunidade negra representa grande parte da popula\u00e7\u00e3o nacional e precisa ser representada para atender as necessidades de um povo de maioria pobre\u201d, disse Paix\u00e3o ao pedir coes\u00e3o pol\u00edtica ao grupo.<\/p>\n<p>O presidente Carlos Lupi tamb\u00e9m falou aos membros do Movimento. \u201cTrazemos em nossa hist\u00f3ria uma trajet\u00f3ria de luta pela justi\u00e7a de ra\u00e7a, cor, credo. Somos orgulhosos disso. Temos, agora, que resgatar a hist\u00f3ria do Brasil, quitar nossa d\u00edvida social com os negros e tra\u00e7ar um caminho justo para todos\u201d, frisou.<\/p>\n<p>O encontro contou com a presen\u00e7a dos deputados federais Hissa Abrah\u00e3o (AM), Weverton Rocha (MA) e Andr\u00e9 Figueiredo (CE). No final da reuni\u00e3o, Ivaldo Paix\u00e3o foi reeleito presidente do Movimento.<\/p>\n<p><strong>AMT &#8211; uma luta longe do fim<\/strong><\/p>\n<p><img loading=\"lazy\" decoding=\"async\" class=\"alignleft wp-image-53221 size-full\" src=\"http:\/\/pdt-rj.org.br\/wp-content\/uploads\/2017\/03\/IMG_3578.jpg\" width=\"1024\" height=\"683\" srcset=\"https:\/\/pdt-rj.org.br\/wp-content\/uploads\/2017\/03\/IMG_3578.jpg 1024w, https:\/\/pdt-rj.org.br\/wp-content\/uploads\/2017\/03\/IMG_3578-100x67.jpg 100w, https:\/\/pdt-rj.org.br\/wp-content\/uploads\/2017\/03\/IMG_3578-300x200.jpg 300w, https:\/\/pdt-rj.org.br\/wp-content\/uploads\/2017\/03\/IMG_3578-768x512.jpg 768w, https:\/\/pdt-rj.org.br\/wp-content\/uploads\/2017\/03\/IMG_3578-135x90.jpg 135w\" sizes=\"auto, (max-width: 1024px) 100vw, 1024px\" \/>Diante da presen\u00e7a massiva das militantes trabalhistas, Miguelina Vecchio foi reeleita presidente da entidade feminina do partido no VII Congresso Nacional da A\u00e7\u00e3o da Mulher Trabalhista. \u201cNossa luta n\u00e3o \u00e9 de hoje e est\u00e1 longe de terminar. Precisamos nos manter firmes, caminhando de cabe\u00e7a erguida, para garantir a representatividade feminina na pol\u00edtica e conquistar os direitos que nos s\u00e3o usurpados por uma cultura machista e sexista\u201d, afirmou.<\/p>\n<p>O presidente do PDT, Carlos Lupi, tamb\u00e9m participou do evento e Lupi fez quest\u00e3o de memorar a for\u00e7a e a garra da mulher que lidera o Movimento. \u201cNo dia seguinte a morte do seu marido, Miguelina estava de p\u00e9 e em plena atividade na defesa dos direitos femininos. Aguerrida, ela comove e cala a boca dos que dizem que mulher \u00e9 o sexo fr\u00e1gil\u201d, atestou.<\/p>\n<p>Em seu discurso, Lupi afirmou que todo estado que tiver repasse do fundo partid\u00e1rio ter\u00e1 de dar um percentual para a AMT. Informou, ainda, que pela primeira vez na hist\u00f3ria do PDT, o Diret\u00f3rio ter\u00e1 30% do seu quadro ocupado por mulheres.<\/p>\n<p>Os parlamentares que participaram do Congresso do Movimento Negro, tamb\u00e9m prestigiaram o encontro da AMT. Os eventos continuam neste s\u00e1bado (18), com a Conven\u00e7\u00e3o do Diret\u00f3rio Nacional do PDT que conta, tamb\u00e9m, com a presen\u00e7a do pr\u00e9-candidato trabalhista \u00e0 presid\u00eancia da Rep\u00fablica Ciro Gomes.<\/p>\n<!-- AddThis Advanced Settings generic via filter on the_content --><!-- AddThis Share Buttons generic via filter on the_content -->","protected":false},"excerpt":{"rendered":"<p>O Movimento Negro do PDT e a A\u00e7\u00e3o da Mulher Trabalhista (AMT) reelegeram seus presidentes por aclama\u00e7\u00e3o, durante Congressos realizados ao longo da tarde e noite da \u00faltima sexta-feira (17), no Hotel Nacional, em Bras\u00edlia. Os eventos fizeram, tamb\u00e9m, um apanhado da luta dos Movimentos. Movimento Negro No Congresso do Movimento Negro, o jornalista Nilton&#8230;<!-- AddThis Advanced Settings generic via filter on wp_trim_excerpt --><!-- AddThis Share Buttons generic via filter on wp_trim_excerpt --><\/p>\n","protected":false},"author":17,"featured_media":53185,"comment_status":"closed","ping_status":"closed","sticky":false,"template":"","format":"standard","meta":{"_monsterinsights_skip_tracking":false,"_monsterinsights_sitenote_active":false,"_monsterinsights_sitenote_note":"","_monsterinsights_sitenote_category":0,"_uf_show_specific_survey":0,"_uf_disable_surveys":false,"footnotes":""},"categories":[1585,1390,1397,1587],"tags":[111,1919,38],"class_list":["post-53178","post","type-post","status-publish","format-standard","has-post-thumbnail","hentry","category-amt","category-editorias","category-movimentos","category-negro","tag-amt","tag-movimento-negro","tag-pdt"],"acf":[],"_links":{"self":[{"href":"https:\/\/pdt-rj.org.br\/index.php\/wp-json\/wp\/v2\/posts\/53178","targetHints":{"allow":["GET"]}}],"collection":[{"href":"https:\/\/pdt-rj.org.br\/index.php\/wp-json\/wp\/v2\/posts"}],"about":[{"href":"https:\/\/pdt-rj.org.br\/index.php\/wp-json\/wp\/v2\/types\/post"}],"author":[{"embeddable":true,"href":"https:\/\/pdt-rj.org.br\/index.php\/wp-json\/wp\/v2\/users\/17"}],"replies":[{"embeddable":true,"href":"https:\/\/pdt-rj.org.br\/index.php\/wp-json\/wp\/v2\/comments?post=53178"}],"version-history":[{"count":12,"href":"https:\/\/pdt-rj.org.br\/index.php\/wp-json\/wp\/v2\/posts\/53178\/revisions"}],"predecessor-version":[{"id":53269,"href":"https:\/\/pdt-rj.org.br\/index.php\/wp-json\/wp\/v2\/posts\/53178\/revisions\/53269"}],"wp:featuredmedia":[{"embeddable":true,"href":"https:\/\/pdt-rj.org.br\/index.php\/wp-json\/wp\/v2\/media\/53185"}],"wp:attachment":[{"href":"https:\/\/pdt-rj.org.br\/index.php\/wp-json\/wp\/v2\/media?parent=53178"}],"wp:term":[{"taxonomy":"category","embeddable":true,"href":"https:\/\/pdt-rj.org.br\/index.php\/wp-json\/wp\/v2\/categories?post=53178"},{"taxonomy":"post_tag","embeddable":true,"href":"https:\/\/pdt-rj.org.br\/index.php\/wp-json\/wp\/v2\/tags?post=53178"}],"curies":[{"name":"wp","href":"https:\/\/api.w.org\/{rel}","templated":true}]}}