{"id":53155,"date":"2017-03-16T20:53:52","date_gmt":"2017-03-16T23:53:52","guid":{"rendered":"http:\/\/pdt-rj.org.br\/?p=53155"},"modified":"2017-03-16T20:54:27","modified_gmt":"2017-03-16T23:54:27","slug":"flavia-morais-defende-manutencao-da-imunidade-tributaria-para-instituicoes-filantropicas","status":"publish","type":"post","link":"https:\/\/pdt-rj.org.br\/index.php\/flavia-morais-defende-manutencao-da-imunidade-tributaria-para-instituicoes-filantropicas\/","title":{"rendered":"Fl\u00e1via Morais defende manuten\u00e7\u00e3o da imunidade tribut\u00e1ria para institui\u00e7\u00f5es filantr\u00f3picas"},"content":{"rendered":"<p>Em encontro realizado nessa quarta-feira (15) com o vice-presidente do F\u00f3rum Nacional das Institui\u00e7\u00f5es Filantr\u00f3picas (Fonif), Euler Pereira Bahia, e com l\u00edderes de entidades filantr\u00f3picas de diversos lugares do Brasil, a deputada federal Fl\u00e1via Morais (PDT-GO) manifestou apoio a manuten\u00e7\u00e3o da imunidade tribut\u00e1ria para institui\u00e7\u00f5es filantr\u00f3picas.<\/p>\n<p>Fl\u00e1via Morais reconhece que as a\u00e7\u00f5es de sa\u00fade, educa\u00e7\u00e3o e assist\u00eancia social desenvolvidas pelas entidades filantr\u00f3picas representam uma importante complementa\u00e7\u00e3o dos servi\u00e7os do Estado, contribuindo para que a popula\u00e7\u00e3o receba atendimento gratuito e de qualidade nessas tr\u00eas \u00e1reas. Falando especificamente da \u00e1rea sa\u00fade, por exemplo, a pesquisa do Fonif aponta que existem no Brasil, hoje, 968 munic\u00edpios onde o \u00fanico hospital \u00e9 filantr\u00f3pico, n\u00e3o havendo nenhuma presen\u00e7a p\u00fablica na regi\u00e3o. Al\u00e9m disso, o setor concentra 53% dos atendimentos do SUS em todo o Pa\u00eds.<\/p>\n<p>Para a parlamentar, o valor da isen\u00e7\u00e3o n\u00e3o \u00e9 suficiente para pagar os custos e viabilizar as entregas das a\u00e7\u00f5es filantr\u00f3picas. Sendo assim, as institui\u00e7\u00f5es precisam fazer investimentos adicionais, advindos de fontes pr\u00f3prias de recursos, para complementarem o servi\u00e7o e o oferecer com qualidade e excel\u00eancia, ou seja, uma contrapartida muito superior \u00e0quela que receberam.<\/p>\n<!-- AddThis Advanced Settings generic via filter on the_content --><!-- AddThis Share Buttons generic via filter on the_content -->","protected":false},"excerpt":{"rendered":"<p>Em encontro realizado nessa quarta-feira (15) com o vice-presidente do F\u00f3rum Nacional das Institui\u00e7\u00f5es Filantr\u00f3picas (Fonif), Euler Pereira Bahia, e com l\u00edderes de entidades filantr\u00f3picas de diversos lugares do Brasil, a deputada federal Fl\u00e1via Morais (PDT-GO) manifestou apoio a manuten\u00e7\u00e3o da imunidade tribut\u00e1ria para institui\u00e7\u00f5es filantr\u00f3picas. Fl\u00e1via Morais reconhece que as a\u00e7\u00f5es de sa\u00fade, educa\u00e7\u00e3o&#8230;<!-- AddThis Advanced Settings generic via filter on wp_trim_excerpt --><!-- AddThis Share Buttons generic via filter on wp_trim_excerpt --><\/p>\n","protected":false},"author":17,"featured_media":53157,"comment_status":"closed","ping_status":"closed","sticky":false,"template":"","format":"standard","meta":{"_monsterinsights_skip_tracking":false,"_monsterinsights_sitenote_active":false,"_monsterinsights_sitenote_note":"","_monsterinsights_sitenote_category":0,"_uf_show_specific_survey":0,"_uf_disable_surveys":false,"footnotes":""},"categories":[1390,1459],"tags":[139,338,2088,406,2090,2089,38,857],"class_list":["post-53155","post","type-post","status-publish","format-standard","has-post-thumbnail","hentry","category-editorias","category-congresso","tag-assistencia-social","tag-educacao","tag-entidades-filantropicas","tag-flavia-morais","tag-fonif","tag-forum-nacional-das-instituicoes-filantropicas","tag-pdt","tag-saude"],"acf":[],"_links":{"self":[{"href":"https:\/\/pdt-rj.org.br\/index.php\/wp-json\/wp\/v2\/posts\/53155","targetHints":{"allow":["GET"]}}],"collection":[{"href":"https:\/\/pdt-rj.org.br\/index.php\/wp-json\/wp\/v2\/posts"}],"about":[{"href":"https:\/\/pdt-rj.org.br\/index.php\/wp-json\/wp\/v2\/types\/post"}],"author":[{"embeddable":true,"href":"https:\/\/pdt-rj.org.br\/index.php\/wp-json\/wp\/v2\/users\/17"}],"replies":[{"embeddable":true,"href":"https:\/\/pdt-rj.org.br\/index.php\/wp-json\/wp\/v2\/comments?post=53155"}],"version-history":[{"count":2,"href":"https:\/\/pdt-rj.org.br\/index.php\/wp-json\/wp\/v2\/posts\/53155\/revisions"}],"predecessor-version":[{"id":53159,"href":"https:\/\/pdt-rj.org.br\/index.php\/wp-json\/wp\/v2\/posts\/53155\/revisions\/53159"}],"wp:featuredmedia":[{"embeddable":true,"href":"https:\/\/pdt-rj.org.br\/index.php\/wp-json\/wp\/v2\/media\/53157"}],"wp:attachment":[{"href":"https:\/\/pdt-rj.org.br\/index.php\/wp-json\/wp\/v2\/media?parent=53155"}],"wp:term":[{"taxonomy":"category","embeddable":true,"href":"https:\/\/pdt-rj.org.br\/index.php\/wp-json\/wp\/v2\/categories?post=53155"},{"taxonomy":"post_tag","embeddable":true,"href":"https:\/\/pdt-rj.org.br\/index.php\/wp-json\/wp\/v2\/tags?post=53155"}],"curies":[{"name":"wp","href":"https:\/\/api.w.org\/{rel}","templated":true}]}}