{"id":53140,"date":"2017-03-16T15:58:40","date_gmt":"2017-03-16T18:58:40","guid":{"rendered":"http:\/\/pdt-rj.org.br\/?p=53140"},"modified":"2017-03-16T16:01:23","modified_gmt":"2017-03-16T19:01:23","slug":"deputados-fazem-vigilia-contra-as-reformas-da-previdencia-e-trabalhista","status":"publish","type":"post","link":"https:\/\/pdt-rj.org.br\/index.php\/deputados-fazem-vigilia-contra-as-reformas-da-previdencia-e-trabalhista\/","title":{"rendered":"Deputados fazem vig\u00edlia contra as reformas da Previd\u00eancia e Trabalhista"},"content":{"rendered":"<p>Deputados, sindicalistas e representantes de movimentos sociais contr\u00e1rios \u00e0s reformas da reformas da Previd\u00eancia (PEC 287\/16) e Trabalhista (PL 6787\/16) e tamb\u00e9m contra o projeto que regulamenta a terceiriza\u00e7\u00e3o (PL 4302\/98), fizeram vig\u00edlia, nesta ter\u00e7a-feira (15), por cerca de quatro horas, at\u00e9 quase 1h da manh\u00e3, no Plen\u00e1rio da C\u00e2mara.<\/p>\n<p>O argumento dos oposicionistas \u00e0s reformas e ao governo Temer, foi que as mudan\u00e7as da Previd\u00eancia e trabalhista, se forem aprovadas na forma enviada ao Congresso, trar\u00e3o enormes preju\u00edzos aos trabalhadores brasileiros. Um dos pontos mais usados nos discursos realizados foi a retirada dos direitos sociais dos trabalhadores e a aposentadoria aos 65 anos como idade m\u00ednima, com pelo menos 25 anos de contribui\u00e7\u00e3o.<\/p>\n<p>O deputado Pompeu de Mattos (PDT-RS) criticou n\u00e3o apenas os 65 anos previstos como idade m\u00ednima para a aposentadoria, como os 49 anos de contribui\u00e7\u00e3o previstos para que tenha direito a 100% da m\u00e9dia do sal\u00e1rio de contribui\u00e7\u00e3o.<\/p>\n<p>\u201cSe aprovada essa proposta, teremos a pior aposentadoria do mundo\u201d, apontou. Al\u00e9m disso, criticou a idade igual para homens e mulheres se aposentarem. \u201cComo se o governo n\u00e3o soubesse que a mulher gera filhos\u201d, observou, ressaltando a dupla jornada de trabalho feminina.<\/p>\n<p>Os participantes do protesto alegaram tamb\u00e9m que a reforma n\u00e3o interessa ao Pa\u00eds e previram a quebra de muitos munic\u00edpios, porque, na vis\u00e3o deles, a maioria das pequenas e m\u00e9dias cidades do Brasil sobrevivem dos sal\u00e1rios dos aposentados, dos benef\u00edcios e dos programas sociais.<\/p>\n<!-- AddThis Advanced Settings generic via filter on the_content --><!-- AddThis Share Buttons generic via filter on the_content -->","protected":false},"excerpt":{"rendered":"<p>Deputados, sindicalistas e representantes de movimentos sociais contr\u00e1rios \u00e0s reformas da reformas da Previd\u00eancia (PEC 287\/16) e Trabalhista (PL 6787\/16) e tamb\u00e9m contra o projeto que regulamenta a terceiriza\u00e7\u00e3o (PL 4302\/98), fizeram vig\u00edlia, nesta ter\u00e7a-feira (15), por cerca de quatro horas, at\u00e9 quase 1h da manh\u00e3, no Plen\u00e1rio da C\u00e2mara. O argumento dos oposicionistas \u00e0s&#8230;<!-- AddThis Advanced Settings generic via filter on wp_trim_excerpt --><!-- AddThis Share Buttons generic via filter on wp_trim_excerpt --><\/p>\n","protected":false},"author":17,"featured_media":53144,"comment_status":"closed","ping_status":"closed","sticky":false,"template":"","format":"standard","meta":{"_monsterinsights_skip_tracking":false,"_monsterinsights_sitenote_active":false,"_monsterinsights_sitenote_note":"","_monsterinsights_sitenote_category":0,"_uf_show_specific_survey":0,"_uf_disable_surveys":false,"footnotes":""},"categories":[1390],"tags":[38,746,1773,1578,2085],"class_list":["post-53140","post","type-post","status-publish","format-standard","has-post-thumbnail","hentry","category-editorias","tag-pdt","tag-pompeo-de-mattos","tag-reforma-da-previdencia","tag-reforma-trabalhista","tag-terceirizacao"],"acf":[],"_links":{"self":[{"href":"https:\/\/pdt-rj.org.br\/index.php\/wp-json\/wp\/v2\/posts\/53140","targetHints":{"allow":["GET"]}}],"collection":[{"href":"https:\/\/pdt-rj.org.br\/index.php\/wp-json\/wp\/v2\/posts"}],"about":[{"href":"https:\/\/pdt-rj.org.br\/index.php\/wp-json\/wp\/v2\/types\/post"}],"author":[{"embeddable":true,"href":"https:\/\/pdt-rj.org.br\/index.php\/wp-json\/wp\/v2\/users\/17"}],"replies":[{"embeddable":true,"href":"https:\/\/pdt-rj.org.br\/index.php\/wp-json\/wp\/v2\/comments?post=53140"}],"version-history":[{"count":2,"href":"https:\/\/pdt-rj.org.br\/index.php\/wp-json\/wp\/v2\/posts\/53140\/revisions"}],"predecessor-version":[{"id":53145,"href":"https:\/\/pdt-rj.org.br\/index.php\/wp-json\/wp\/v2\/posts\/53140\/revisions\/53145"}],"wp:featuredmedia":[{"embeddable":true,"href":"https:\/\/pdt-rj.org.br\/index.php\/wp-json\/wp\/v2\/media\/53144"}],"wp:attachment":[{"href":"https:\/\/pdt-rj.org.br\/index.php\/wp-json\/wp\/v2\/media?parent=53140"}],"wp:term":[{"taxonomy":"category","embeddable":true,"href":"https:\/\/pdt-rj.org.br\/index.php\/wp-json\/wp\/v2\/categories?post=53140"},{"taxonomy":"post_tag","embeddable":true,"href":"https:\/\/pdt-rj.org.br\/index.php\/wp-json\/wp\/v2\/tags?post=53140"}],"curies":[{"name":"wp","href":"https:\/\/api.w.org\/{rel}","templated":true}]}}