{"id":53137,"date":"2017-03-16T15:08:23","date_gmt":"2017-03-16T18:08:23","guid":{"rendered":"http:\/\/pdt-rj.org.br\/?p=53137"},"modified":"2017-03-16T15:11:52","modified_gmt":"2017-03-16T18:11:52","slug":"planalto-sanciona-proposta-de-andre-figueiredo-que-incentiva-formacao-esportiva-de-jovens-aprendizes","status":"publish","type":"post","link":"https:\/\/pdt-rj.org.br\/index.php\/planalto-sanciona-proposta-de-andre-figueiredo-que-incentiva-formacao-esportiva-de-jovens-aprendizes\/","title":{"rendered":"Planalto sanciona proposta de Andr\u00e9 Figueiredo que incentiva forma\u00e7\u00e3o esportiva de jovens aprendizes"},"content":{"rendered":"<p>O Presidente Michel Temer sancionou parcialmente, nesta quarta-feira (14), o <a href=\"http:\/\/www.camara.gov.br\/proposicoesWeb\/fichadetramitacao?idProposicao=494982\">Projeto de Lei 742\/11<\/a>, do deputado Andr\u00e9 Figueiredo (PDT-CE), que permite \u00e0s empresas contratantes de jovens aprendizes e matricul\u00e1-los em cursos de forma\u00e7\u00e3o esportiva profissional como atletas, promotores e gestores de eventos esportivos.<\/p>\n<p>De acordo com a proposta, as empresas s\u00e3o obrigadas a\u00a0matricular em cursos de aprendizagem de cinco a quinze por cento dos trabalhadores existentes em cada estabelecimento, cujas fun\u00e7\u00f5es demandem forma\u00e7\u00e3o profissional.<\/p>\n<p>Ainda pelo texto o aprendiz, menor de idade ou n\u00e3o, ter\u00e1 direito a um sal\u00e1rio m\u00ednimo-hora, em contrato de at\u00e9 dois anos. Jovens com defici\u00eancia poder\u00e3o ter um tempo maior de contrato de aprendizagem, at\u00e9 quatro anos.<\/p>\n<p>O Executivo vetou dispositivo da proposta que previa o trabalho dos jovens aprendizes na constru\u00e7\u00e3o, amplia\u00e7\u00e3o, reforma ou manuten\u00e7\u00e3o de instala\u00e7\u00f5es esportivas por ser proibido o trabalho de menores em constru\u00e7\u00e3o civil.<\/p>\n<p>O projeto foi transformado na Lei 13.420\/17.<\/p>\n<!-- AddThis Advanced Settings generic via filter on the_content --><!-- AddThis Share Buttons generic via filter on the_content -->","protected":false},"excerpt":{"rendered":"<p>O Presidente Michel Temer sancionou parcialmente, nesta quarta-feira (14), o Projeto de Lei 742\/11, do deputado Andr\u00e9 Figueiredo (PDT-CE), que permite \u00e0s empresas contratantes de jovens aprendizes e matricul\u00e1-los em cursos de forma\u00e7\u00e3o esportiva profissional como atletas, promotores e gestores de eventos esportivos. De acordo com a proposta, as empresas s\u00e3o obrigadas a\u00a0matricular em cursos&#8230;<!-- AddThis Advanced Settings generic via filter on wp_trim_excerpt --><!-- AddThis Share Buttons generic via filter on wp_trim_excerpt --><\/p>\n","protected":false},"author":17,"featured_media":53138,"comment_status":"closed","ping_status":"closed","sticky":false,"template":"","format":"standard","meta":{"_monsterinsights_skip_tracking":false,"_monsterinsights_sitenote_active":false,"_monsterinsights_sitenote_note":"","_monsterinsights_sitenote_category":0,"_uf_show_specific_survey":0,"_uf_disable_surveys":false,"footnotes":""},"categories":[1390],"tags":[119,2012,2084,38],"class_list":["post-53137","post","type-post","status-publish","format-standard","has-post-thumbnail","hentry","category-editorias","tag-andre-figueredo","tag-formacao-esportiva","tag-jovem-aprendiz","tag-pdt"],"acf":[],"_links":{"self":[{"href":"https:\/\/pdt-rj.org.br\/index.php\/wp-json\/wp\/v2\/posts\/53137","targetHints":{"allow":["GET"]}}],"collection":[{"href":"https:\/\/pdt-rj.org.br\/index.php\/wp-json\/wp\/v2\/posts"}],"about":[{"href":"https:\/\/pdt-rj.org.br\/index.php\/wp-json\/wp\/v2\/types\/post"}],"author":[{"embeddable":true,"href":"https:\/\/pdt-rj.org.br\/index.php\/wp-json\/wp\/v2\/users\/17"}],"replies":[{"embeddable":true,"href":"https:\/\/pdt-rj.org.br\/index.php\/wp-json\/wp\/v2\/comments?post=53137"}],"version-history":[{"count":2,"href":"https:\/\/pdt-rj.org.br\/index.php\/wp-json\/wp\/v2\/posts\/53137\/revisions"}],"predecessor-version":[{"id":53141,"href":"https:\/\/pdt-rj.org.br\/index.php\/wp-json\/wp\/v2\/posts\/53137\/revisions\/53141"}],"wp:featuredmedia":[{"embeddable":true,"href":"https:\/\/pdt-rj.org.br\/index.php\/wp-json\/wp\/v2\/media\/53138"}],"wp:attachment":[{"href":"https:\/\/pdt-rj.org.br\/index.php\/wp-json\/wp\/v2\/media?parent=53137"}],"wp:term":[{"taxonomy":"category","embeddable":true,"href":"https:\/\/pdt-rj.org.br\/index.php\/wp-json\/wp\/v2\/categories?post=53137"},{"taxonomy":"post_tag","embeddable":true,"href":"https:\/\/pdt-rj.org.br\/index.php\/wp-json\/wp\/v2\/tags?post=53137"}],"curies":[{"name":"wp","href":"https:\/\/api.w.org\/{rel}","templated":true}]}}