{"id":53108,"date":"2017-03-14T10:47:50","date_gmt":"2017-03-14T13:47:50","guid":{"rendered":"http:\/\/pdt-rj.org.br\/?p=53108"},"modified":"2017-03-16T16:01:50","modified_gmt":"2017-03-16T19:01:50","slug":"referencia-mundial-pela-igualdade-racial-abdias-nascimento-completaria-103-anos-hoje","status":"publish","type":"post","link":"https:\/\/pdt-rj.org.br\/index.php\/referencia-mundial-pela-igualdade-racial-abdias-nascimento-completaria-103-anos-hoje\/","title":{"rendered":"Refer\u00eancia mundial pela igualdade racial, Abdias Nascimento completaria 103 anos hoje"},"content":{"rendered":"<p>Em sua longa trajet\u00f3ria de milit\u00e2ncia, Abdias Nascimento (1914-2011), que completaria hoje (14) 103 anos, dedicou-se intensamente \u00e0s causas do movimento negro, com destaque para o combate ao preconceito e a discrimina\u00e7\u00e3o racial, fortalecendo, assim, a defesa da igualdade.<\/p>\n<p>Bacharel em ci\u00eancias econ\u00f4micas e exaltado por ser ainda dramaturgo, pintor, escritor e professor, Abdias ficou no ex\u00edlio durante 13 anos ap\u00f3s a edi\u00e7\u00e3o, em 1968, do Ato Institucional n\u00ba 5 pelo regime militar. Ap\u00f3s a volta do ex\u00edlio (1968-1978), ingressou na pol\u00edtica para participar, ao lado de Leonel Brizola, das lutas do PDT, onde foi vice-presidente. Na sequ\u00eancia, foi eleito deputado federal, de 1983 a 1987, e exerceu mandato de \u00a0senador entre 1997 e 1999, como suplente de Darcy Ribeiro.<\/p>\n<p>Nascido em Franca (SP), Abdias, sempre esteve \u00e0 frente de projetos pioneiros na luta pela igualdade racial, como o Teatro Experimental do Negro e o jornal Quilombo, al\u00e9m de ser um dos principais idealizadores do Dia da Consci\u00eancia Negra.<\/p>\n<p>Para o portal desinformemonos.org, ele declarou que a Lei \u00c1urea n\u00e3o passava de uma mentira c\u00edvica. \u201cSua comemora\u00e7\u00e3o todo ano fazia parte do coro de autoelogio que a elite escravocrata fazia em louvor a si mesma no intuito de convencer a si mesma e \u00e0 popula\u00e7\u00e3o negra desse esbulho conhecido como \u2018democracia racial\u2019, reafirmou..<\/p>\n<p>Sobre o racismo no Brasil, diz ele se caracteriza pela covardia. \u201cEle n\u00e3o se assume e, por isso, n\u00e3o tem culpa nem autocr\u00edtica. Costumam descrev\u00ea-lo como sutil, mas isto \u00e9 um equ\u00edvoco. Ele n\u00e3o \u00e9 nada sutil, pelo contr\u00e1rio, para quem n\u00e3o quer se iludir ele fica escancarado ao olhar mais casual e superficial\u201d, relatou.<\/p>\n<p>\u201cO olhar aprofundado s\u00f3 confirma a primeira impress\u00e3o: os negros est\u00e3o mesmo nos patamares inferiores, ocupam a base da pir\u00e2mide social e l\u00e1 sofrem discrimina\u00e7\u00e3o e rebaixamento de sua autoestima em raz\u00e3o da cor. No topo da riqueza, eles s\u00e3o recha\u00e7ados com uma viol\u00eancia que faz doer\u201d, completou.<\/p>\n<p>Ao analisar a classe dominante brasileira, Abdias remete ao hist\u00f3rico da disparidade nacional, que \u00e9 alimentada diariamente. \u201cQuando n\u00e3o discrimina o negro, a elite dominante o festeja com um paternalismo hip\u00f3crita ao passo que apropria e ganha lucros sobre suas cria\u00e7\u00f5es culturais sem respeitar ou remunerar com dignidade a sua produ\u00e7\u00e3o\u201d, avaliou.<\/p>\n<p>\u201cOs estudos aprofundados dos \u00f3rg\u00e3os oficiais e acad\u00eamicos de pesquisa demonstram desigualdades raciais persistentes que acompanham o desenvolvimento econ\u00f4mico ao longo do s\u00e9culo 20 e in\u00edcio do 21 com uma fidelidade incr\u00edvel: \u00e0 medida que cresce a renda, a educa\u00e7\u00e3o, o acesso aos bens de consumo, enfim, \u00e0 medida que aumentam os benef\u00edcios econ\u00f4micos da sociedade em desenvolvimento, a desigualdade racial continua firme\u201d, acrescentou.<\/p>\n<p><a href=\"http:\/\/pdt-rj.org.br\/index.php\/o-brasil-vive-o-mito-da-igualdade-racial-afirma-ivaldo-paixao\/\">Em entrevista ao site do PDT,<\/a> o presidente do Movimento Negro do PDT, Ivaldo Paix\u00e3o, exalta a import\u00e2ncia de Abdias para o partido e para as quest\u00f5es raciais no pa\u00eds. \u201cO Movimento Negro do PDT teve sorte de ter um \u00edcone internacional na luta das quest\u00f5es raciais como o senador Abdias. Brizola tamb\u00e9m foi fundamental, incluindo o combate \u00e0 desigualdade racial em seus programas, tanto de governo quando do partido\u201d, afirmou.<\/p>\n<p>Ao analisar a situa\u00e7\u00e3o pol\u00edtica, ele aponta para o n\u00edvel da instabilidade nacional. \u201cAli colocamos em pr\u00e1tica o nosso discurso. \u201cHoje, me preocupo com esse governo interino. Tenho visto o esvaziamento das secretarias de igualdade social do Minist\u00e9rio da Cultura e isso \u00e9 um retrocesso. Mas \u00e9 esse tipo de coisa que nos motiva e d\u00e1 for\u00e7a para nos reestruturarmos e enfrentarmos o processo que est\u00e1 acontecendo.<\/p>\n<!-- AddThis Advanced Settings generic via filter on the_content --><!-- AddThis Share Buttons generic via filter on the_content -->","protected":false},"excerpt":{"rendered":"<p>Em sua longa trajet\u00f3ria de milit\u00e2ncia, Abdias Nascimento (1914-2011), que completaria hoje (14) 103 anos, dedicou-se intensamente \u00e0s causas do movimento negro, com destaque para o combate ao preconceito e a discrimina\u00e7\u00e3o racial, fortalecendo, assim, a defesa da igualdade. Bacharel em ci\u00eancias econ\u00f4micas e exaltado por ser ainda dramaturgo, pintor, escritor e professor, Abdias ficou&#8230;<!-- AddThis Advanced Settings generic via filter on wp_trim_excerpt --><!-- AddThis Share Buttons generic via filter on wp_trim_excerpt --><\/p>\n","protected":false},"author":17,"featured_media":35716,"comment_status":"closed","ping_status":"closed","sticky":false,"template":"","format":"standard","meta":{"_monsterinsights_skip_tracking":false,"_monsterinsights_sitenote_active":false,"_monsterinsights_sitenote_note":"","_monsterinsights_sitenote_category":0,"_uf_show_specific_survey":0,"_uf_disable_surveys":false,"footnotes":""},"categories":[1390,1459,1401,1587],"tags":[1940,277,1939,1135,38,59,869],"class_list":["post-53108","post","type-post","status-publish","format-standard","has-post-thumbnail","hentry","category-editorias","category-congresso","category-nacional","category-negro","tag-abdias-nascimento","tag-darcy-ribeiro","tag-democracia-racial","tag-movimento-negro-do-pdt","tag-pdt","tag-pdt-diversidade","tag-senado"],"acf":[],"_links":{"self":[{"href":"https:\/\/pdt-rj.org.br\/index.php\/wp-json\/wp\/v2\/posts\/53108","targetHints":{"allow":["GET"]}}],"collection":[{"href":"https:\/\/pdt-rj.org.br\/index.php\/wp-json\/wp\/v2\/posts"}],"about":[{"href":"https:\/\/pdt-rj.org.br\/index.php\/wp-json\/wp\/v2\/types\/post"}],"author":[{"embeddable":true,"href":"https:\/\/pdt-rj.org.br\/index.php\/wp-json\/wp\/v2\/users\/17"}],"replies":[{"embeddable":true,"href":"https:\/\/pdt-rj.org.br\/index.php\/wp-json\/wp\/v2\/comments?post=53108"}],"version-history":[{"count":6,"href":"https:\/\/pdt-rj.org.br\/index.php\/wp-json\/wp\/v2\/posts\/53108\/revisions"}],"predecessor-version":[{"id":53146,"href":"https:\/\/pdt-rj.org.br\/index.php\/wp-json\/wp\/v2\/posts\/53108\/revisions\/53146"}],"wp:featuredmedia":[{"embeddable":true,"href":"https:\/\/pdt-rj.org.br\/index.php\/wp-json\/wp\/v2\/media\/35716"}],"wp:attachment":[{"href":"https:\/\/pdt-rj.org.br\/index.php\/wp-json\/wp\/v2\/media?parent=53108"}],"wp:term":[{"taxonomy":"category","embeddable":true,"href":"https:\/\/pdt-rj.org.br\/index.php\/wp-json\/wp\/v2\/categories?post=53108"},{"taxonomy":"post_tag","embeddable":true,"href":"https:\/\/pdt-rj.org.br\/index.php\/wp-json\/wp\/v2\/tags?post=53108"}],"curies":[{"name":"wp","href":"https:\/\/api.w.org\/{rel}","templated":true}]}}