{"id":53092,"date":"2017-03-13T14:30:59","date_gmt":"2017-03-13T17:30:59","guid":{"rendered":"http:\/\/pdt-rj.org.br\/?p=53092"},"modified":"2017-03-13T21:44:41","modified_gmt":"2017-03-14T00:44:41","slug":"entre-jango-e-temer-um-abismo-ideologico-na-realizacao-de-reformas","status":"publish","type":"post","link":"https:\/\/pdt-rj.org.br\/index.php\/entre-jango-e-temer-um-abismo-ideologico-na-realizacao-de-reformas\/","title":{"rendered":"Entre Jango e Temer, um abismo ideol\u00f3gico na realiza\u00e7\u00e3o de reformas"},"content":{"rendered":"<h3><\/h3>\n<p>O Brasil, ao longo de sua hist\u00f3ria, consegue apresentar fatos que marcam a vida da sua popula\u00e7\u00e3o. Em 13 de mar\u00e7o de 1964, o ent\u00e3o presidente Jo\u00e3o Goulart (Jango) reuniu 200 mil pessoas para apresentar, na Central do Brasil, no Rio de Janeiro, as \u201cReformas de Base\u201d, importante grupo de propostas que buscava realizar mudan\u00e7as econ\u00f4micas, sociais e pol\u00edticas que permitissem a regress\u00e3o do subdesenvolvimento e, consequentemente, a redu\u00e7\u00e3o das desigualdades. Em 5 de fevereiro deste ano, o atual presidente Michel Temer apontou, no Pal\u00e1cio do Planalto, em Bras\u00edlia, que sua prioridade \u00e9 atender aos anseios dos elos de sustenta\u00e7\u00e3o do seu mandato.<\/p>\n<p>Atualmente, o governo federal, liderado por Michel Temer, tenta impor um pacote de medidas, tanto trabalhista quanto previdenci\u00e1ria, que pode ser denominado de \u201cReformas para Base\u201d. As nomenclaturas s\u00e3o quase similares, por\u00e9m um detalhe serve de indicativo para mostrar a diferen\u00e7a entre as inten\u00e7\u00f5es: a troca das preposi\u00e7\u00f5es \u2018de\u2019 por \u2018para\u2019. E n\u00e3o \u00e9 por acaso. O sentido de base \u00e9 totalmente oposto. Com Jango, o foco era, efetivamente, o povo, j\u00e1 para o neoliberal, o privil\u00e9gio atende ao mercado empresarial e ao sistema financeiro.<\/p>\n<p>Esse cen\u00e1rio controverso pode ser ratificado ao analisar os discursos sobre os mesmos temas. Na capital carioca, o ex-presidente trabalhista sintetizou: \u201cN\u00e3o apenas pela reforma agr\u00e1ria, mas pela reforma tribut\u00e1ria, pela reforma eleitoral ampla, pelo voto do analfabeto, pela elegibilidade de todos os brasileiros, pela pureza da vida democr\u00e1tica, pela emancipa\u00e7\u00e3o, pela justi\u00e7a social e pelo progresso do Brasil\u201d.<\/p>\n<p>No Distrito Federal, Temer indica que as novas regras representar\u00e3o um mecanismo asfixia popular, com a supress\u00e3o de direitos. Um claro retorno do projeto de submiss\u00e3o para combater o avan\u00e7o da emancipa\u00e7\u00e3o do povo. \u201cChega de pequenas reformas. Ou enfrentamos de frente <a de reformar a Previd\u00eancia> ou iremos condenar os aposentados a bater nas portas do Poder P\u00fablico e nada receberem [no futuro]\u201d, declarou.<\/p>\n<p>Leia na \u00edntegra o\u00a0<a href=\"http:\/\/pdt-rj.org.br\/wp-content\/uploads\/2017\/03\/Discurso-de-Jo\u00e3o-Goulart-na-Central-do-Brasil.pdf\">Discurso de Jo\u00e3o Goulart na Central do Brasil<\/a>.<\/p>\n<p><a href=\"https:\/\/www.youtube.com\/watch?v=iQ_Y5TiyngA\">Assista aqui ao discurso de Jango na Central do Brasil<\/a><\/p>\n<p><iframe loading=\"lazy\" title=\"JANGO 13 DE MAR\u00c7O - CENTRAL DO BRASIL 1964\" width=\"640\" height=\"480\" src=\"https:\/\/www.youtube.com\/embed\/iQ_Y5TiyngA?feature=oembed\" frameborder=\"0\" allow=\"accelerometer; autoplay; clipboard-write; encrypted-media; gyroscope; picture-in-picture; web-share\" referrerpolicy=\"strict-origin-when-cross-origin\" allowfullscreen><\/iframe><\/p>\n<!-- AddThis Advanced Settings generic via filter on the_content --><!-- AddThis Share Buttons generic via filter on the_content -->","protected":false},"excerpt":{"rendered":"<p>O Brasil, ao longo de sua hist\u00f3ria, consegue apresentar fatos que marcam a vida da sua popula\u00e7\u00e3o. Em 13 de mar\u00e7o de 1964, o ent\u00e3o presidente Jo\u00e3o Goulart (Jango) reuniu 200 mil pessoas para apresentar, na Central do Brasil, no Rio de Janeiro, as \u201cReformas de Base\u201d, importante grupo de propostas que buscava realizar mudan\u00e7as&#8230;<!-- AddThis Advanced Settings generic via filter on wp_trim_excerpt --><!-- AddThis Share Buttons generic via filter on wp_trim_excerpt --><\/p>\n","protected":false},"author":17,"featured_media":52910,"comment_status":"closed","ping_status":"closed","sticky":false,"template":"","format":"standard","meta":{"_monsterinsights_skip_tracking":false,"_monsterinsights_sitenote_active":false,"_monsterinsights_sitenote_note":"","_monsterinsights_sitenote_category":0,"_uf_show_specific_survey":0,"_uf_disable_surveys":false,"footnotes":""},"categories":[1401,976],"tags":[2068,513,514,38,2069],"class_list":["post-53092","post","type-post","status-publish","format-standard","has-post-thumbnail","hentry","category-nacional","category-noticias-em-destaque","tag-discurso-da-central-do-brasil","tag-jango","tag-joao-goulart","tag-pdt","tag-reformas-de-base"],"acf":[],"_links":{"self":[{"href":"https:\/\/pdt-rj.org.br\/index.php\/wp-json\/wp\/v2\/posts\/53092","targetHints":{"allow":["GET"]}}],"collection":[{"href":"https:\/\/pdt-rj.org.br\/index.php\/wp-json\/wp\/v2\/posts"}],"about":[{"href":"https:\/\/pdt-rj.org.br\/index.php\/wp-json\/wp\/v2\/types\/post"}],"author":[{"embeddable":true,"href":"https:\/\/pdt-rj.org.br\/index.php\/wp-json\/wp\/v2\/users\/17"}],"replies":[{"embeddable":true,"href":"https:\/\/pdt-rj.org.br\/index.php\/wp-json\/wp\/v2\/comments?post=53092"}],"version-history":[{"count":6,"href":"https:\/\/pdt-rj.org.br\/index.php\/wp-json\/wp\/v2\/posts\/53092\/revisions"}],"predecessor-version":[{"id":53107,"href":"https:\/\/pdt-rj.org.br\/index.php\/wp-json\/wp\/v2\/posts\/53092\/revisions\/53107"}],"wp:featuredmedia":[{"embeddable":true,"href":"https:\/\/pdt-rj.org.br\/index.php\/wp-json\/wp\/v2\/media\/52910"}],"wp:attachment":[{"href":"https:\/\/pdt-rj.org.br\/index.php\/wp-json\/wp\/v2\/media?parent=53092"}],"wp:term":[{"taxonomy":"category","embeddable":true,"href":"https:\/\/pdt-rj.org.br\/index.php\/wp-json\/wp\/v2\/categories?post=53092"},{"taxonomy":"post_tag","embeddable":true,"href":"https:\/\/pdt-rj.org.br\/index.php\/wp-json\/wp\/v2\/tags?post=53092"}],"curies":[{"name":"wp","href":"https:\/\/api.w.org\/{rel}","templated":true}]}}