{"id":53079,"date":"2017-03-10T18:41:11","date_gmt":"2017-03-10T21:41:11","guid":{"rendered":"http:\/\/pdt-rj.org.br\/?p=53079"},"modified":"2017-03-27T11:03:31","modified_gmt":"2017-03-27T14:03:31","slug":"mapi-parabeniza-lupi-pela-vice-presidencia-da-intencional-socialista-para-regiao-da-america-latina-e-caribe","status":"publish","type":"post","link":"https:\/\/pdt-rj.org.br\/index.php\/mapi-parabeniza-lupi-pela-vice-presidencia-da-intencional-socialista-para-regiao-da-america-latina-e-caribe\/","title":{"rendered":"Mapi parabeniza Lupi pela vice-presid\u00eancia da Internacional Socialista"},"content":{"rendered":"<p>O Movimento de Aposentados, Pensionistas e Idosos do PDT (Mapi) manifestou, em nota, o orgulho da entidade pela nomea\u00e7\u00e3o do presidente nacional da legenda, Carlos Lupi, ao cargo de\u00a0vice-presidente da Internacional Socialista. \u00a0A nomea\u00e7\u00e3o de Lupi aconteceu durante Congresso da entidade, realizado em Cartagena, na Col\u00f4mbia, no \u00faltimo fim de semana.<\/p>\n<p>A dire\u00e7\u00e3o do Mapi lembra que\u00a0&#8220;a elei\u00e7\u00e3o de Lupi mant\u00e9m ininterrupta a tradi\u00e7\u00e3o de o Partido Democr\u00e1tico Trabalhista \u2013 membro da IS desde 1989 \u2013 ocupar este importante cargo, iniciada com a investidura de Leonel Brizola&#8221;.<\/p>\n<p>Leia a nota na \u00edntegra:<\/p>\n<p>&nbsp;<\/p>\n<p style=\"text-align: center;\"><strong>Internacional Socialista<\/strong><\/p>\n<p style=\"text-align: left;\">O MAPI (Movimento de Aposentados, Pensionistas e Idosos) sente-se orgulhoso com a elei\u00e7\u00e3o do presidente nacional do PDT, Carlos Lupi, no cargo de vice-presidente da Internacional Socialista no Congresso realizado no \u00faltimo fim de semana na cidade de Cartagena, na Col\u00f4mbia.<\/p>\n<p style=\"text-align: left;\">A elei\u00e7\u00e3o de Lupi mant\u00e9m ininterrupta a tradi\u00e7\u00e3o de o Partido Democr\u00e1tico Trabalhista \u2013 membro da IS desde 1989 \u2013 ocupar este importante cargo, iniciada com a investidura de Leonel Brizola.<\/p>\n<p style=\"text-align: left;\">O ingresso do Partido na Internacional Socialista mereceu, na ocasi\u00e3o, o seguinte coment\u00e1rio do l\u00edder trabalhista Leonel Brizola: \u201cNosso Partido, o PDT, acaba de viver um de seus mais significativos momentos. Pela primeira vez, um partido pol\u00edtico brasileiro torna-se membro pleno da Internacional Socialista \u2013 um verdadeiro f\u00f3rum de id\u00e9ias e discuss\u00f5es, que re\u00fane organiza\u00e7\u00f5es partid\u00e1rias afins, de natureza social e democr\u00e1tica, de todo o mundo\u201d.<\/p>\n<p style=\"text-align: center;\"><strong>Maria Jos\u00e9 Latg\u00e9 Kwamme<\/strong><br \/>\nPresidente Nacional do Movimento de<br \/>\nAposentados, Pensionistas e Idosos do PDT<\/p>\n<!-- AddThis Advanced Settings generic via filter on the_content --><!-- AddThis Share Buttons generic via filter on the_content -->","protected":false},"excerpt":{"rendered":"<p>O Movimento de Aposentados, Pensionistas e Idosos do PDT (Mapi) manifestou, em nota, o orgulho da entidade pela nomea\u00e7\u00e3o do presidente nacional da legenda, Carlos Lupi, ao cargo de\u00a0vice-presidente da Internacional Socialista. \u00a0A nomea\u00e7\u00e3o de Lupi aconteceu durante Congresso da entidade, realizado em Cartagena, na Col\u00f4mbia, no \u00faltimo fim de semana. A dire\u00e7\u00e3o do Mapi&#8230;<!-- AddThis Advanced Settings generic via filter on wp_trim_excerpt --><!-- AddThis Share Buttons generic via filter on wp_trim_excerpt --><\/p>\n","protected":false},"author":17,"featured_media":53081,"comment_status":"closed","ping_status":"closed","sticky":false,"template":"","format":"standard","meta":{"_monsterinsights_skip_tracking":false,"_monsterinsights_sitenote_active":false,"_monsterinsights_sitenote_note":"","_monsterinsights_sitenote_category":0,"_uf_show_specific_survey":0,"_uf_disable_surveys":false,"footnotes":""},"categories":[1390,1397,1401],"tags":[196,500,565,592,637],"class_list":["post-53079","post","type-post","status-publish","format-standard","has-post-thumbnail","hentry","category-editorias","category-movimentos","category-nacional","tag-carlos-lupi","tag-internacional-socialista","tag-leonel-brizola","tag-mapi","tag-movimento-dos-aposentados-e-pensionistas-do-pdt"],"acf":[],"_links":{"self":[{"href":"https:\/\/pdt-rj.org.br\/index.php\/wp-json\/wp\/v2\/posts\/53079","targetHints":{"allow":["GET"]}}],"collection":[{"href":"https:\/\/pdt-rj.org.br\/index.php\/wp-json\/wp\/v2\/posts"}],"about":[{"href":"https:\/\/pdt-rj.org.br\/index.php\/wp-json\/wp\/v2\/types\/post"}],"author":[{"embeddable":true,"href":"https:\/\/pdt-rj.org.br\/index.php\/wp-json\/wp\/v2\/users\/17"}],"replies":[{"embeddable":true,"href":"https:\/\/pdt-rj.org.br\/index.php\/wp-json\/wp\/v2\/comments?post=53079"}],"version-history":[{"count":5,"href":"https:\/\/pdt-rj.org.br\/index.php\/wp-json\/wp\/v2\/posts\/53079\/revisions"}],"predecessor-version":[{"id":53279,"href":"https:\/\/pdt-rj.org.br\/index.php\/wp-json\/wp\/v2\/posts\/53079\/revisions\/53279"}],"wp:featuredmedia":[{"embeddable":true,"href":"https:\/\/pdt-rj.org.br\/index.php\/wp-json\/wp\/v2\/media\/53081"}],"wp:attachment":[{"href":"https:\/\/pdt-rj.org.br\/index.php\/wp-json\/wp\/v2\/media?parent=53079"}],"wp:term":[{"taxonomy":"category","embeddable":true,"href":"https:\/\/pdt-rj.org.br\/index.php\/wp-json\/wp\/v2\/categories?post=53079"},{"taxonomy":"post_tag","embeddable":true,"href":"https:\/\/pdt-rj.org.br\/index.php\/wp-json\/wp\/v2\/tags?post=53079"}],"curies":[{"name":"wp","href":"https:\/\/api.w.org\/{rel}","templated":true}]}}