{"id":53065,"date":"2017-03-09T19:09:38","date_gmt":"2017-03-09T22:09:38","guid":{"rendered":"http:\/\/pdt-rj.org.br\/?p=53065"},"modified":"2017-03-09T21:45:29","modified_gmt":"2017-03-10T00:45:29","slug":"nova-reforma-trabalhista-pode-ampliar-acoes-judiciais-no-brasil","status":"publish","type":"post","link":"https:\/\/pdt-rj.org.br\/index.php\/nova-reforma-trabalhista-pode-ampliar-acoes-judiciais-no-brasil\/","title":{"rendered":"Nova reforma trabalhista pode ampliar a\u00e7\u00f5es judiciais no Brasil"},"content":{"rendered":"<p>Membro titular da Comiss\u00e3o que discute a Reforma Trabalhista na C\u00e2mara dos Deputados, o parlamentar Sergio Vidigal (PDT-ES) acredita que a nova reforma trabalhista pode ampliar a\u00e7\u00f5es judiciais no Brasil.\u00a0Juristas ouvidos pela comiss\u00e3o nesta semana defenderam que se n\u00e3o acontecer com cautela, a flexibiliza\u00e7\u00e3o e moderniza\u00e7\u00e3o das leis trabalhistas podem acarretar em um n\u00famero maior de processos.<\/p>\n<p>Sergio Vidigal tamb\u00e9m duvida que as medidas propostas na reforma possam preservar o emprego ou fortalecer a economia do Pa\u00eds.\u00a0\u201cV\u00e1rios membros do judici\u00e1rio disseram com convic\u00e7\u00e3o que a reforma n\u00e3o garante a redu\u00e7\u00e3o do n\u00famero de processos. Nos pa\u00edses que flexibilizaram direitos o n\u00famero de empregos tempor\u00e1rios aumentou. \u00c9 isso que n\u00f3s queremos para o nosso pa\u00eds? Um pa\u00eds onde o trabalhador n\u00e3o tem seus direitos respeitados\u201d, questionou o deputado.<\/p>\n<p>Para Vidigal, a culpa da crise econ\u00f4mica n\u00e3o \u00e9 da Consolida\u00e7\u00e3o das Leis do Trabalho (CLT). Ainda na vis\u00e3o dele, a reforma, feita de forma \u201capressada\u201d, pode ampliar a judicializa\u00e7\u00e3o no setor trabalhista.\u00a0\u201cSe o Judici\u00e1rio tem tanta demanda, \u00e9 pela quantidade de leis que fazemos aqui no Legislativo\u201d, acrescentou.<\/p>\n<p>O pedetista reconhece as conquistas do setor produtivo, mas defende os direitos do trabalhador.<\/p>\n<p>\u201cSe n\u00e3o fosse setor produtivo nosso pa\u00eds estaria pior ainda. N\u00e3o podemos fragilizar quem emprega, nem fragilizar o empregado. O nosso grande patrim\u00f4nio \u00e9 o trabalhador, \u00e9 ele quem produz e faz a economia girar\u201d.<\/p>\n<!-- AddThis Advanced Settings generic via filter on the_content --><!-- AddThis Share Buttons generic via filter on the_content -->","protected":false},"excerpt":{"rendered":"<p>Membro titular da Comiss\u00e3o que discute a Reforma Trabalhista na C\u00e2mara dos Deputados, o parlamentar Sergio Vidigal (PDT-ES) acredita que a nova reforma trabalhista pode ampliar a\u00e7\u00f5es judiciais no Brasil.\u00a0Juristas ouvidos pela comiss\u00e3o nesta semana defenderam que se n\u00e3o acontecer com cautela, a flexibiliza\u00e7\u00e3o e moderniza\u00e7\u00e3o das leis trabalhistas podem acarretar em um n\u00famero maior&#8230;<!-- AddThis Advanced Settings generic via filter on wp_trim_excerpt --><!-- AddThis Share Buttons generic via filter on wp_trim_excerpt --><\/p>\n","protected":false},"author":17,"featured_media":53066,"comment_status":"closed","ping_status":"closed","sticky":false,"template":"","format":"standard","meta":{"_monsterinsights_skip_tracking":false,"_monsterinsights_sitenote_active":false,"_monsterinsights_sitenote_note":"","_monsterinsights_sitenote_category":0,"_uf_show_specific_survey":0,"_uf_disable_surveys":false,"footnotes":""},"categories":[1390,1459],"tags":[247,1578,873,2065],"class_list":["post-53065","post","type-post","status-publish","format-standard","has-post-thumbnail","hentry","category-editorias","category-congresso","tag-consolidacao-das-leis-do-trabalho","tag-reforma-trabalhista","tag-sergio-vidigal","tag-trabalhador"],"acf":[],"_links":{"self":[{"href":"https:\/\/pdt-rj.org.br\/index.php\/wp-json\/wp\/v2\/posts\/53065","targetHints":{"allow":["GET"]}}],"collection":[{"href":"https:\/\/pdt-rj.org.br\/index.php\/wp-json\/wp\/v2\/posts"}],"about":[{"href":"https:\/\/pdt-rj.org.br\/index.php\/wp-json\/wp\/v2\/types\/post"}],"author":[{"embeddable":true,"href":"https:\/\/pdt-rj.org.br\/index.php\/wp-json\/wp\/v2\/users\/17"}],"replies":[{"embeddable":true,"href":"https:\/\/pdt-rj.org.br\/index.php\/wp-json\/wp\/v2\/comments?post=53065"}],"version-history":[{"count":3,"href":"https:\/\/pdt-rj.org.br\/index.php\/wp-json\/wp\/v2\/posts\/53065\/revisions"}],"predecessor-version":[{"id":53069,"href":"https:\/\/pdt-rj.org.br\/index.php\/wp-json\/wp\/v2\/posts\/53065\/revisions\/53069"}],"wp:featuredmedia":[{"embeddable":true,"href":"https:\/\/pdt-rj.org.br\/index.php\/wp-json\/wp\/v2\/media\/53066"}],"wp:attachment":[{"href":"https:\/\/pdt-rj.org.br\/index.php\/wp-json\/wp\/v2\/media?parent=53065"}],"wp:term":[{"taxonomy":"category","embeddable":true,"href":"https:\/\/pdt-rj.org.br\/index.php\/wp-json\/wp\/v2\/categories?post=53065"},{"taxonomy":"post_tag","embeddable":true,"href":"https:\/\/pdt-rj.org.br\/index.php\/wp-json\/wp\/v2\/tags?post=53065"}],"curies":[{"name":"wp","href":"https:\/\/api.w.org\/{rel}","templated":true}]}}