{"id":53030,"date":"2017-03-08T13:45:45","date_gmt":"2017-03-08T16:45:45","guid":{"rendered":"http:\/\/pdt-rj.org.br\/?p=53030"},"modified":"2017-03-18T10:36:43","modified_gmt":"2017-03-18T13:36:43","slug":"o-dia-internacional-da-mulher-e-a-luta-pela-equidade-de-genero","status":"publish","type":"post","link":"https:\/\/pdt-rj.org.br\/index.php\/o-dia-internacional-da-mulher-e-a-luta-pela-equidade-de-genero\/","title":{"rendered":"O Dia Internacional da Mulher e a luta pela equidade de g\u00eanero"},"content":{"rendered":"<p>A hist\u00f3ria do Dia Internacional da Mulher, comemorado no dia 8 de mar\u00e7o, est\u00e1 diretamente ligada \u00e0 luta de classes. N\u00e3o por acaso, um dos protagonistas do movimento \u00e9 a Internacional Socialista (IS) \u2013 institui\u00e7\u00e3o da qual o PDT \u00e9 o \u00fanico partido brasileiro membro. Essa data \u00e9 hoje s\u00edmbolo de uma s\u00e9rie de reivindica\u00e7\u00f5es e conquistas de direitos, sobretudo no \u00e2mbito trabalhista.<\/p>\n<p>A Segunda Revolu\u00e7\u00e3o Industrial e a Primeira Guerra Mundial, ocorridas na virada do s\u00e9culo XX, foram o pano de fundo para a cria\u00e7\u00e3o da data, pois o per\u00edodo marca a inser\u00e7\u00e3o da m\u00e3o-de-obra feminina, em massa, na ind\u00fastria. O primeiro Dia Internacional da Mulher, inclusive, foi celebrado em 28 de fevereiro de 1909 nos Estados Unidos, por iniciativa do Partido Socialista da Am\u00e9rica, para enaltecer o protesto das oper\u00e1rias da ind\u00fastria do vestu\u00e1rio de Nova York contra as m\u00e1s condi\u00e7\u00f5es de trabalho.<\/p>\n<p>Dirigida pela IS, em 1910, a primeira Confer\u00eancia Internacional de Mulheres Socialistas ocorreu em Copenhague, capital da Dinamarca. Nesse encontro, que teve como mote o direito de voto para as mulheres, a igualdade dos sexos e o socialismo, foi institu\u00eddo o Dia Internacional da Mulher, proposto pela socialista alem\u00e3 Clara Zetkin, sem, contudo, que uma data tivesse sido especificada.<\/p>\n<p>Nos anos seguintes, os protestos e greves, que j\u00e1 ocorriam desde a segunda metade do s\u00e9culo XIX , se intensificaram na Europa e nos Estados Unidos. A maioria dos movimentos reivindicava melhorias nas condi\u00e7\u00f5es de trabalho nas f\u00e1bricas e a concess\u00e3o de direitos trabalhistas e eleitorais para as mulheres. Tais movimenta\u00e7\u00f5es acabaram de modo a enquadr\u00e1-las, por vezes, \u00e0 agenda revolucion\u00e1ria.<\/p>\n<p>Foi o que aconteceu na R\u00fassia em 8 de mar\u00e7o de 1917 \u2013 23 de fevereiro pelo calend\u00e1rio juliano. Nesse dia, as oper\u00e1rias da ind\u00fastria t\u00eaxtil realizaram uma greve em massa, reunindo centenas de trabalhadoras nas ruas. O movimento somou-se \u00e0s a\u00e7\u00f5es revolucion\u00e1rias previamente planejadas contra o czar Nicolau II e em oposi\u00e7\u00e3o \u00e0 participa\u00e7\u00e3o do pa\u00eds na Primeira Guerra Mundial, que culminou a Revolu\u00e7\u00e3o de Fevereiro.<\/p>\n<p>Ap\u00f3s a segunda fase da Revolu\u00e7\u00e3o Russa de 1917, ocorrida em outubro \u2013 conhecida como Revolu\u00e7\u00e3o Bolchevique ou Revolu\u00e7\u00e3o Vermelha \u2013, a feminista bolchevique Alexandra Kollontai convenceu o revolucion\u00e1rio Lenin a tornar o 8 de mar\u00e7o um dia oficial que, durante o per\u00edodo sovi\u00e9tico, permaneceu como celebra\u00e7\u00e3o da &#8220;heroica mulher trabalhadora&#8221;.<\/p>\n<p>Nos anos subsequentes, o objetivo da celebra\u00e7\u00e3o teve o seu vi\u00e9s enfraquecido, ao ponto de o dia chegar a ser ignorado, at\u00e9 1977, institu\u00eddo pela Organiza\u00e7\u00e3o das Na\u00e7\u00f5es Unidas (ONU) como o \u201cAno da Mulher\u201d. Desde ent\u00e3o, o dia <strong>8 de mar\u00e7o<\/strong> foi adotado pelas Na\u00e7\u00f5es Unidas como o Dia Internacional da Mulher, para lembrar as conquistas sociais, pol\u00edticas e econ\u00f4micas das mulheres.<\/p>\n<p><strong>Edialeda do Nascimento, a for\u00e7a da mulher Trabalhista<\/strong><\/p>\n<p>No Brasil, assim como em diversos pa\u00edses, a luta pelo direito das mulheres tamb\u00e9m agrega a luta pela igualdade racial. E \u00e9 por isso que o PDT se orgulha de Edialeda do Nascimento, primeira mulher a se tornar uma figura determinante no movimento de conquistas das mulheres negras, em diferentes espa\u00e7os pol\u00edticos e institucionais.<\/p>\n<p>Graduada em medicina pela Universidade de Valen\u00e7a, no Rio de Janeiro, Edialeda era fluente em franc\u00eas, italiano, espanhol e ingl\u00eas. Secret\u00e1ria Nacional do Movimento Negro do PDT, Edialeda fundou o partido ao lado de Leonel Brizola depois de ter feito parte do Gabinete Civil do Presidente Jo\u00e3o Goulart, antes do golpe de 1964.<\/p>\n<p>No primeiro governo Brizola no Rio de Janeiro, em 1982, Edialeda assumiu a Secret\u00e1ria de Estado de Promo\u00e7\u00e3o Social. O fato entrou para hist\u00f3ria, pois foi a primeira negra a ocupar um cargo de secretariado estadual no Brasil. Na mesma gest\u00e3o, tamb\u00e9m assumiu a Funda\u00e7\u00e3o Le\u00e3o XIII.<\/p>\n<p>Como representante do PDT, Edialeda do Nascimento \u2013 falecida em fevereiro de 2010 \u2013, participou, ainda, de diversas reuni\u00f5es e congressos realizados na Am\u00e9rica Latina, Estados Unidos e Europa, inclusive da Internacional Socialista, al\u00e9m de ter sido organizadora e conferencista do I Congresso de Mulheres Negras das Am\u00e9ricas, realizado, em 1984, no Equador.<\/p>\n<!-- AddThis Advanced Settings generic via filter on the_content --><!-- AddThis Share Buttons generic via filter on the_content -->","protected":false},"excerpt":{"rendered":"<p>A hist\u00f3ria do Dia Internacional da Mulher, comemorado no dia 8 de mar\u00e7o, est\u00e1 diretamente ligada \u00e0 luta de classes. N\u00e3o por acaso, um dos protagonistas do movimento \u00e9 a Internacional Socialista (IS) \u2013 institui\u00e7\u00e3o da qual o PDT \u00e9 o \u00fanico partido brasileiro membro. Essa data \u00e9 hoje s\u00edmbolo de uma s\u00e9rie de reivindica\u00e7\u00f5es&#8230;<!-- AddThis Advanced Settings generic via filter on wp_trim_excerpt --><!-- AddThis Share Buttons generic via filter on wp_trim_excerpt --><\/p>\n","protected":false},"author":17,"featured_media":53032,"comment_status":"closed","ping_status":"closed","sticky":false,"template":"","format":"standard","meta":{"_monsterinsights_skip_tracking":false,"_monsterinsights_sitenote_active":false,"_monsterinsights_sitenote_note":"","_monsterinsights_sitenote_category":0,"_uf_show_specific_survey":0,"_uf_disable_surveys":false,"footnotes":""},"categories":[1390],"tags":[2041,2053,2040,2046,2050,565,2054,67,1365,38,2049,2051,2052,2047,2048],"class_list":["post-53030","post","type-post","status-publish","format-standard","has-post-thumbnail","hentry","category-editorias","tag-8-de-marco","tag-alexandra-kollontai","tag-dia-internacional-da-mulher","tag-edialeda-do-nascimento","tag-lenin","tag-leonel-brizola","tag-nicolau-ii","tag-onu","tag-organizacao-das-nacoes-unidas","tag-pdt","tag-primeira-guerra-mundial","tag-revolucao-bolchevique","tag-revolucao-de-outubro","tag-revolucao-russa-de-1917","tag-segunda-revolucao-industrial"],"acf":[],"_links":{"self":[{"href":"https:\/\/pdt-rj.org.br\/index.php\/wp-json\/wp\/v2\/posts\/53030","targetHints":{"allow":["GET"]}}],"collection":[{"href":"https:\/\/pdt-rj.org.br\/index.php\/wp-json\/wp\/v2\/posts"}],"about":[{"href":"https:\/\/pdt-rj.org.br\/index.php\/wp-json\/wp\/v2\/types\/post"}],"author":[{"embeddable":true,"href":"https:\/\/pdt-rj.org.br\/index.php\/wp-json\/wp\/v2\/users\/17"}],"replies":[{"embeddable":true,"href":"https:\/\/pdt-rj.org.br\/index.php\/wp-json\/wp\/v2\/comments?post=53030"}],"version-history":[{"count":8,"href":"https:\/\/pdt-rj.org.br\/index.php\/wp-json\/wp\/v2\/posts\/53030\/revisions"}],"predecessor-version":[{"id":53132,"href":"https:\/\/pdt-rj.org.br\/index.php\/wp-json\/wp\/v2\/posts\/53030\/revisions\/53132"}],"wp:featuredmedia":[{"embeddable":true,"href":"https:\/\/pdt-rj.org.br\/index.php\/wp-json\/wp\/v2\/media\/53032"}],"wp:attachment":[{"href":"https:\/\/pdt-rj.org.br\/index.php\/wp-json\/wp\/v2\/media?parent=53030"}],"wp:term":[{"taxonomy":"category","embeddable":true,"href":"https:\/\/pdt-rj.org.br\/index.php\/wp-json\/wp\/v2\/categories?post=53030"},{"taxonomy":"post_tag","embeddable":true,"href":"https:\/\/pdt-rj.org.br\/index.php\/wp-json\/wp\/v2\/tags?post=53030"}],"curies":[{"name":"wp","href":"https:\/\/api.w.org\/{rel}","templated":true}]}}