{"id":53009,"date":"2017-03-07T16:42:08","date_gmt":"2017-03-07T19:42:08","guid":{"rendered":"http:\/\/pdt-rj.org.br\/?p=53009"},"modified":"2017-03-09T18:41:49","modified_gmt":"2017-03-09T21:41:49","slug":"sebastiao-almeida-se-filia-ao-pdt-sp-e-ato-contara-com-presenca-de-ciro","status":"publish","type":"post","link":"https:\/\/pdt-rj.org.br\/index.php\/sebastiao-almeida-se-filia-ao-pdt-sp-e-ato-contara-com-presenca-de-ciro\/","title":{"rendered":"Sebasti\u00e3o Almeida se filia ao PDT-SP em ato que ter\u00e1 a presen\u00e7a de Ciro"},"content":{"rendered":"<p>O Ex-prefeito de Guarulhos, Sebasti\u00e3o Almeida, foi anunciado nesta segunda-feira (06\/03) pelo presidente nacional da legenda, Carlos Lupi, como a mais nova lideran\u00e7a do partido em S\u00e3o Paulo. Ato de filia\u00e7\u00e3o ser\u00e1 no pr\u00f3ximo dia 11, e contar\u00e1 com a presen\u00e7a de Ciro Gomes.<\/p>\n<p>O an\u00fancio da filia\u00e7\u00e3o de Almeida aconteceu durante reuni\u00e3o da executiva estadual do partido, que contou com a presen\u00e7a de Lupi, Milton Cavalo \u2013 Presidente do Movimento Sindical do PDT -, Luiz Ant\u00f4nio de Medeiros (Secret\u00e1rio Geral do PDT-SP), do ex-prefeito de Osasco, Jorge Lapas e outras lideran\u00e7as do partido.<\/p>\n<p>O ato de filia\u00e7\u00e3o do ex-prefeito ser\u00e1 no pr\u00f3ximo dia 11, e contar\u00e1 com as presen\u00e7as, al\u00e9m de Ciro e Lupi, de Gabriel Chalita e prefeitos do PDT no Estado de S\u00e3o Paulo.<\/p>\n<p>Almeida foi eleito a primeira vez vereador em Guarulhos ainda em 2000. Em 2002 foi eleito deputado estadual e 2008 eleito prefeito da cidade, sendo reeleito em 2012. Almeida tamb\u00e9m foi presidente do Sindicato dos Servidores Municipais de Guarulhos, ainda na d\u00e9cada de 90.<\/p>\n<!-- AddThis Advanced Settings generic via filter on the_content --><!-- AddThis Share Buttons generic via filter on the_content -->","protected":false},"excerpt":{"rendered":"<p>O Ex-prefeito de Guarulhos, Sebasti\u00e3o Almeida, foi anunciado nesta segunda-feira (06\/03) pelo presidente nacional da legenda, Carlos Lupi, como a mais nova lideran\u00e7a do partido em S\u00e3o Paulo. Ato de filia\u00e7\u00e3o ser\u00e1 no pr\u00f3ximo dia 11, e contar\u00e1 com a presen\u00e7a de Ciro Gomes. O an\u00fancio da filia\u00e7\u00e3o de Almeida aconteceu durante reuni\u00e3o da executiva&#8230;<!-- AddThis Advanced Settings generic via filter on wp_trim_excerpt --><!-- AddThis Share Buttons generic via filter on wp_trim_excerpt --><\/p>\n","protected":false},"author":17,"featured_media":53013,"comment_status":"closed","ping_status":"closed","sticky":false,"template":"","format":"standard","meta":{"_monsterinsights_skip_tracking":false,"_monsterinsights_sitenote_active":false,"_monsterinsights_sitenote_note":"","_monsterinsights_sitenote_category":0,"_uf_show_specific_survey":0,"_uf_disable_surveys":false,"footnotes":""},"categories":[1390,1402,1397],"tags":[2062,196,220,1045,519,1092,2063],"class_list":["post-53009","post","type-post","status-publish","format-standard","has-post-thumbnail","hentry","category-editorias","category-cidades","category-movimentos","tag-ato-de-filiacao","tag-carlos-lupi","tag-ciro-gomes","tag-gabriel-chalita","tag-jorge-lapas","tag-milton-cavalo","tag-sao-paulo-sp"],"acf":[],"_links":{"self":[{"href":"https:\/\/pdt-rj.org.br\/index.php\/wp-json\/wp\/v2\/posts\/53009","targetHints":{"allow":["GET"]}}],"collection":[{"href":"https:\/\/pdt-rj.org.br\/index.php\/wp-json\/wp\/v2\/posts"}],"about":[{"href":"https:\/\/pdt-rj.org.br\/index.php\/wp-json\/wp\/v2\/types\/post"}],"author":[{"embeddable":true,"href":"https:\/\/pdt-rj.org.br\/index.php\/wp-json\/wp\/v2\/users\/17"}],"replies":[{"embeddable":true,"href":"https:\/\/pdt-rj.org.br\/index.php\/wp-json\/wp\/v2\/comments?post=53009"}],"version-history":[{"count":6,"href":"https:\/\/pdt-rj.org.br\/index.php\/wp-json\/wp\/v2\/posts\/53009\/revisions"}],"predecessor-version":[{"id":53062,"href":"https:\/\/pdt-rj.org.br\/index.php\/wp-json\/wp\/v2\/posts\/53009\/revisions\/53062"}],"wp:featuredmedia":[{"embeddable":true,"href":"https:\/\/pdt-rj.org.br\/index.php\/wp-json\/wp\/v2\/media\/53013"}],"wp:attachment":[{"href":"https:\/\/pdt-rj.org.br\/index.php\/wp-json\/wp\/v2\/media?parent=53009"}],"wp:term":[{"taxonomy":"category","embeddable":true,"href":"https:\/\/pdt-rj.org.br\/index.php\/wp-json\/wp\/v2\/categories?post=53009"},{"taxonomy":"post_tag","embeddable":true,"href":"https:\/\/pdt-rj.org.br\/index.php\/wp-json\/wp\/v2\/tags?post=53009"}],"curies":[{"name":"wp","href":"https:\/\/api.w.org\/{rel}","templated":true}]}}