{"id":52981,"date":"2017-03-07T15:25:51","date_gmt":"2017-03-07T18:25:51","guid":{"rendered":"http:\/\/pdt-rj.org.br\/?p=52981"},"modified":"2017-03-09T15:00:55","modified_gmt":"2017-03-09T18:00:55","slug":"caetano-veloso-afirma-que-ciro-e-a-melhor-opcao-para-2018","status":"publish","type":"post","link":"https:\/\/pdt-rj.org.br\/index.php\/caetano-veloso-afirma-que-ciro-e-a-melhor-opcao-para-2018\/","title":{"rendered":"Em entrevista, Caetano Veloso afirma que Ciro \u00e9 a melhor op\u00e7\u00e3o para 2018"},"content":{"rendered":"<p>Em entrevista ao colunista Jorge Moreno Bastos, do Jornal O Globo, o cantor e compositor Caetano Veloso disse que Ciro Gomes \u00e9 a melhor das op\u00e7\u00f5es colocadas \u00e0 corrida presidencial de 2018. De acordo com o jornalista, Caetano adiantou tamb\u00e9m que j\u00e1 votou no pedetista em 1998, e que \u201co discurso de Mangabeira [Unger] em sua volta ao PDT, que vi na internet, me convenceu\u201d.<\/p>\n<p>Leia abaixo\u00a0a \u00edntegra da not\u00edcia, que foi publicada no \u201c<a href=\"http:\/\/oglobo.globo.com\/registro?evento=colunista\">Blog do Moreno<\/a>\u201d nesta ter\u00e7a-feira (07\/03).<\/p>\n<p>&#8220;Antes de embarcar ontem \u00e0 noite para Montevid\u00e9u, no Uruguai, onde come\u00e7a hoje uma s\u00e9rie de shows pela Am\u00e9rica do Sul, Caetano Veloso disse ao Blog do Moreno que acredita que Ciro Gomes \u00e9 a melhor das op\u00e7\u00f5es colocadas para a sucess\u00e3o de Michel Temer. Reconheceu que, ao assumir a candidatura de Ciro, est\u00e1 na contram\u00e3o de v\u00e1rios amigos intelectuais e artistas, como Chico Buarque, que acabam de subscrever um manifesto em defesa da candidatura do ex-presidente Lula, sob o t\u00edtulo \u201cLula j\u00e1!\u201d.<\/p>\n<p>\u2013 \u00c9 bom que as posi\u00e7\u00f5es sejam definidas, pois isso s\u00f3 estimula, agita, o debate.<\/p>\n<p>Ao blog, Caetano ressaltou que a sua posi\u00e7\u00e3o em defesa da candidatura de Ciro Gomes j\u00e1 havia sido manifestada em artigo que escreveu para a revista eletr\u00f4nica \u201cFevereiro\u201d, da qual \u00e9 colaborador.<\/p>\n<p>Ele j\u00e1 previa, nesse artigo, o surgimento do movimento pr\u00f3-Lula, tanto que, a certa altura do texto escreveu:<\/p>\n<p>\u2013 A volta de Lula? O pensamento sobre 2018 trouxe a hip\u00f3tese. Lula \u00e9 um l\u00edder de grandeza incompar\u00e1vel, talvez s\u00f3 Get\u00falio. Seu discurso em resposta \u00e0 estranha decis\u00e3o do juiz Moro de expedir uma condu\u00e7\u00e3o coercitiva para lev\u00e1-lo a depor sem que ele tivesse se negado a faz\u00ea-lo mostrou um pol\u00edtico potente. Pouco depois, ele j\u00e1 aparecia como um ex-l\u00edder. Entristece, mas a f\u00f3rmula de lideran\u00e7a populista \u00e9 algo que me sugere retrocesso a velhos males latinoamericanos.<\/p>\n<p>Sobre a candidatura de Ciro, Caetano lembrou:<\/p>\n<p>\u2013 Votei em Ciro Gomes na elei\u00e7\u00e3o de 1998: eu n\u00e3o era a favor da reelei\u00e7\u00e3o. Agora, sabendo-o poss\u00edvel candidato, penso em voltar a faz\u00ea-lo. O discurso de Mangabeira em sua volta ao PDT, que vi na internet, me convenceu.&#8221;<\/p>\n<p>Confira a \u00edntegra do discurso do Mangabeira Unger que influenciou na decis\u00e3o de Caetano Veloso:<\/p>\n<p><iframe loading=\"lazy\" title=\"Prof. Mangabeira Unger - Discurso de filia\u00e7\u00e3o ao PDT 2015\" width=\"640\" height=\"360\" src=\"https:\/\/www.youtube.com\/embed\/1WbWBkPKKx0?feature=oembed\" frameborder=\"0\" allow=\"accelerometer; autoplay; clipboard-write; encrypted-media; gyroscope; picture-in-picture; web-share\" referrerpolicy=\"strict-origin-when-cross-origin\" allowfullscreen><\/iframe><\/p>\n<!-- AddThis Advanced Settings generic via filter on the_content --><!-- AddThis Share Buttons generic via filter on the_content -->","protected":false},"excerpt":{"rendered":"<p>Em entrevista ao colunista Jorge Moreno Bastos, do Jornal O Globo, o cantor e compositor Caetano Veloso disse que Ciro Gomes \u00e9 a melhor das op\u00e7\u00f5es colocadas \u00e0 corrida presidencial de 2018. De acordo com o jornalista, Caetano adiantou tamb\u00e9m que j\u00e1 votou no pedetista em 1998, e que \u201co discurso de Mangabeira [Unger] em&#8230;<!-- AddThis Advanced Settings generic via filter on wp_trim_excerpt --><!-- AddThis Share Buttons generic via filter on wp_trim_excerpt --><\/p>\n","protected":false},"author":17,"featured_media":53008,"comment_status":"closed","ping_status":"closed","sticky":false,"template":"","format":"standard","meta":{"_monsterinsights_skip_tracking":false,"_monsterinsights_sitenote_active":false,"_monsterinsights_sitenote_note":"","_monsterinsights_sitenote_category":0,"_uf_show_specific_survey":0,"_uf_disable_surveys":false,"footnotes":""},"categories":[1390,1401],"tags":[2061,220,2039,586],"class_list":["post-52981","post","type-post","status-publish","format-standard","has-post-thumbnail","hentry","category-editorias","category-nacional","tag-caetano-veloso","tag-ciro-gomes","tag-mangabeira","tag-mangabeira-unger"],"acf":[],"_links":{"self":[{"href":"https:\/\/pdt-rj.org.br\/index.php\/wp-json\/wp\/v2\/posts\/52981","targetHints":{"allow":["GET"]}}],"collection":[{"href":"https:\/\/pdt-rj.org.br\/index.php\/wp-json\/wp\/v2\/posts"}],"about":[{"href":"https:\/\/pdt-rj.org.br\/index.php\/wp-json\/wp\/v2\/types\/post"}],"author":[{"embeddable":true,"href":"https:\/\/pdt-rj.org.br\/index.php\/wp-json\/wp\/v2\/users\/17"}],"replies":[{"embeddable":true,"href":"https:\/\/pdt-rj.org.br\/index.php\/wp-json\/wp\/v2\/comments?post=52981"}],"version-history":[{"count":15,"href":"https:\/\/pdt-rj.org.br\/index.php\/wp-json\/wp\/v2\/posts\/52981\/revisions"}],"predecessor-version":[{"id":53056,"href":"https:\/\/pdt-rj.org.br\/index.php\/wp-json\/wp\/v2\/posts\/52981\/revisions\/53056"}],"wp:featuredmedia":[{"embeddable":true,"href":"https:\/\/pdt-rj.org.br\/index.php\/wp-json\/wp\/v2\/media\/53008"}],"wp:attachment":[{"href":"https:\/\/pdt-rj.org.br\/index.php\/wp-json\/wp\/v2\/media?parent=52981"}],"wp:term":[{"taxonomy":"category","embeddable":true,"href":"https:\/\/pdt-rj.org.br\/index.php\/wp-json\/wp\/v2\/categories?post=52981"},{"taxonomy":"post_tag","embeddable":true,"href":"https:\/\/pdt-rj.org.br\/index.php\/wp-json\/wp\/v2\/tags?post=52981"}],"curies":[{"name":"wp","href":"https:\/\/api.w.org\/{rel}","templated":true}]}}