{"id":52974,"date":"2017-03-06T20:54:17","date_gmt":"2017-03-06T23:54:17","guid":{"rendered":"http:\/\/pdt-rj.org.br\/?p=52974"},"modified":"2017-03-14T10:48:32","modified_gmt":"2017-03-14T13:48:32","slug":"rodrigo-coelho-assume-presidencia-da-comissao-de-educacao-no-espirito-santo","status":"publish","type":"post","link":"https:\/\/pdt-rj.org.br\/index.php\/rodrigo-coelho-assume-presidencia-da-comissao-de-educacao-no-espirito-santo\/","title":{"rendered":"Rodrigo Coelho assume presid\u00eancia da Comiss\u00e3o de Educa\u00e7\u00e3o no Esp\u00edrito Santo"},"content":{"rendered":"<p>O deputado estadual Rodrigo Coelho (PDT-ES), inicia nesta quarta (08) os trabalhos da Comiss\u00e3o de Educa\u00e7\u00e3o da Assembleia Legislativa do Esp\u00edrito Santo. Ser\u00e1 a primeira atividade do colegiado no bi\u00eanio 2017-2019 dentro do legislativo capixaba.<\/p>\n<p>A elei\u00e7\u00e3o para defini\u00e7\u00e3o das presid\u00eancias das comiss\u00f5es na Assembleia Legislativa do Esp\u00edrito Santo ocorreu no \u00faltimo dia 21 de fevereiro. Com a aclama\u00e7\u00e3o dos colegas, Rodrigo Coelho, que j\u00e1 foi presidente da Comiss\u00e3o de Justi\u00e7a na legislatura anterior, vai integrar a Comiss\u00e3o de Educa\u00e7\u00e3o pela terceira vez em dois mandatos de deputado estadual.<\/p>\n<p>&#8220;Em todos os bi\u00eanios em que estive na Assembleia, fui membro da Comiss\u00e3o de Educa\u00e7\u00e3o e cheguei representar a Casa na Confer\u00eancia Nacional de Educa\u00e7\u00e3o, em Bras\u00edlia. Vamos fazer da comiss\u00e3o um espa\u00e7o de debate da educa\u00e7\u00e3o no Esp\u00edrito Santo, onde os representantes da \u00e1rea tenham voz. Queremos qualificar a discuss\u00e3o e usar essa espa\u00e7o, que \u00e9 um dos mais relevantes da Casa, para fazer os apontamentos voltados \u00e0 melhoria da educa\u00e7\u00e3o e das condi\u00e7\u00f5es de trabalho dos envolvidos com a \u00e1rea\u201d, afirmou o deputado Rodrigo Coelho.<\/p>\n<p>A Comiss\u00e3o de Educa\u00e7\u00e3o atua na Assembleia Legislativa do Esp\u00edrito Santo analisando projetos de lei relacionados \u00e0 educa\u00e7\u00e3o e deliberando pela pertin\u00eancia ou n\u00e3o de tais projetos. Al\u00e9m disso, a comiss\u00e3o trabalha a educa\u00e7\u00e3o em seus aspectos institucionais, estruturais, funcionais e legais e tamb\u00e9m prop\u00f5e debates sobre o direito da educa\u00e7\u00e3o e recursos financeiros para a educa\u00e7\u00e3o, entre outros temas. Trata-se, portanto, de umas das mais importantes comiss\u00f5es da Assembleia Legislativa.<\/p>\n<!-- AddThis Advanced Settings generic via filter on the_content --><!-- AddThis Share Buttons generic via filter on the_content -->","protected":false},"excerpt":{"rendered":"<p>O deputado estadual Rodrigo Coelho (PDT-ES), inicia nesta quarta (08) os trabalhos da Comiss\u00e3o de Educa\u00e7\u00e3o da Assembleia Legislativa do Esp\u00edrito Santo. Ser\u00e1 a primeira atividade do colegiado no bi\u00eanio 2017-2019 dentro do legislativo capixaba. A elei\u00e7\u00e3o para defini\u00e7\u00e3o das presid\u00eancias das comiss\u00f5es na Assembleia Legislativa do Esp\u00edrito Santo ocorreu no \u00faltimo dia 21 de&#8230;<!-- AddThis Advanced Settings generic via filter on wp_trim_excerpt --><!-- AddThis Share Buttons generic via filter on wp_trim_excerpt --><\/p>\n","protected":false},"author":17,"featured_media":52975,"comment_status":"closed","ping_status":"closed","sticky":false,"template":"","format":"standard","meta":{"_monsterinsights_skip_tracking":false,"_monsterinsights_sitenote_active":false,"_monsterinsights_sitenote_note":"","_monsterinsights_sitenote_category":0,"_uf_show_specific_survey":0,"_uf_disable_surveys":false,"footnotes":""},"categories":[1390,1402,1401],"tags":[338,1770,38,1448],"class_list":["post-52974","post","type-post","status-publish","format-standard","has-post-thumbnail","hentry","category-editorias","category-cidades","category-nacional","tag-educacao","tag-espirito-santo","tag-pdt","tag-rodrigo-coelho"],"acf":[],"_links":{"self":[{"href":"https:\/\/pdt-rj.org.br\/index.php\/wp-json\/wp\/v2\/posts\/52974","targetHints":{"allow":["GET"]}}],"collection":[{"href":"https:\/\/pdt-rj.org.br\/index.php\/wp-json\/wp\/v2\/posts"}],"about":[{"href":"https:\/\/pdt-rj.org.br\/index.php\/wp-json\/wp\/v2\/types\/post"}],"author":[{"embeddable":true,"href":"https:\/\/pdt-rj.org.br\/index.php\/wp-json\/wp\/v2\/users\/17"}],"replies":[{"embeddable":true,"href":"https:\/\/pdt-rj.org.br\/index.php\/wp-json\/wp\/v2\/comments?post=52974"}],"version-history":[{"count":3,"href":"https:\/\/pdt-rj.org.br\/index.php\/wp-json\/wp\/v2\/posts\/52974\/revisions"}],"predecessor-version":[{"id":53091,"href":"https:\/\/pdt-rj.org.br\/index.php\/wp-json\/wp\/v2\/posts\/52974\/revisions\/53091"}],"wp:featuredmedia":[{"embeddable":true,"href":"https:\/\/pdt-rj.org.br\/index.php\/wp-json\/wp\/v2\/media\/52975"}],"wp:attachment":[{"href":"https:\/\/pdt-rj.org.br\/index.php\/wp-json\/wp\/v2\/media?parent=52974"}],"wp:term":[{"taxonomy":"category","embeddable":true,"href":"https:\/\/pdt-rj.org.br\/index.php\/wp-json\/wp\/v2\/categories?post=52974"},{"taxonomy":"post_tag","embeddable":true,"href":"https:\/\/pdt-rj.org.br\/index.php\/wp-json\/wp\/v2\/tags?post=52974"}],"curies":[{"name":"wp","href":"https:\/\/api.w.org\/{rel}","templated":true}]}}