{"id":52968,"date":"2017-03-06T20:34:36","date_gmt":"2017-03-06T23:34:36","guid":{"rendered":"http:\/\/pdt-rj.org.br\/?p=52968"},"modified":"2017-03-15T00:20:21","modified_gmt":"2017-03-15T03:20:21","slug":"subtenente-gonzaga-analisa-medidas-severas-contra-o-crime-organizado","status":"publish","type":"post","link":"https:\/\/pdt-rj.org.br\/index.php\/subtenente-gonzaga-analisa-medidas-severas-contra-o-crime-organizado\/","title":{"rendered":"Subtenente Gonzaga analisa medidas severas contra o crime organizado"},"content":{"rendered":"<p>Desde o in\u00edcio deste ano, as cidades de Manaus (AM), Roraima (RR) e N\u00edsia Floresta, na Grande Natal (RN), t\u00eam sido alvo de uma s\u00e9rie de conflitos no sistema carcer\u00e1rio, causados por brigas entre fac\u00e7\u00f5es criminosas rivais. Diante dessa crise, o deputado federal Subtenente Gonzaga (PDT- MG) analisar\u00e1 36 projetos que tratam da seguran\u00e7a p\u00fablica nacional, com medidas severas contra o crime organizado que alteram, inclusive, a Lei de Execu\u00e7\u00e3o Penal.<\/p>\n<p>Segundo uma pesquisa feita pelo Levantamento Nacional de Informa\u00e7\u00f5es Penitenci\u00e1rias (Infopen), a popula\u00e7\u00e3o carcer\u00e1ria do Brasil \u00e9 a quarta maior do mundo, com 622 mil detentos, atr\u00e1s apenas de Estados Unidos (2,2 milh\u00f5es), China (1,6 milh\u00e3o) e R\u00fassia (644 mil). Al\u00e9m disso, o Brasil tem uma taxa de mais de 300 presos para cada mil habitantes, mais do que o dobro da m\u00e9dia mundial, conforme dados do Centro Internacional de Estudos Prisionais (ICPS, sigla em ingl\u00eas).<\/p>\n<p>A situa\u00e7\u00e3o do Brasil \u00e9 ainda mais grave porque, al\u00e9m da superlota\u00e7\u00e3o, falta de investimentos e estruturas prec\u00e1rias, os pres\u00eddios enfrentam a falta de organiza\u00e7\u00e3o e controle no tr\u00e1fico de armas e drogas, o que contribui para que as fac\u00e7\u00f5es continuem a controlar toda e qualquer a\u00e7\u00e3o dentro das penitenci\u00e1rias.<\/p>\n<p>Segundo o Subtenente Gonzaga, relator da comiss\u00e3o especial instalada em fevereiro deste ano e que trata dos 36 projetos \u2013 compostos pelo <a href=\"http:\/\/www.camara.gov.br\/proposicoesWeb\/fichadetramitacao?idProposicao=327891\">PL 7223\/06<\/a> e apensados \u2013, \u00e9 necess\u00e1rio priorizar financeiramente o sistema prisional para trabalhar a seguran\u00e7a de forma estrat\u00e9gica.<\/p>\n<p>\u201c\u00c9 preciso ampliar os n\u00fameros de vagas, mas tamb\u00e9m, mudar a l\u00f3gica arquitet\u00f4nica das penitenci\u00e1rias, porque, mesmo com o rigor das buscas, os visitantes acabam transportando drogas e armas. E pior, ainda existem os maus agentes, que apesar de serem poucos, acobertam a entrada desses produtos fazendo um grande estrago\u201d, pontua o parlamentar.<\/p>\n<p>Uma das propostas, o <a href=\"http:\/\/www.camara.gov.br\/proposicoesWeb\/fichadetramitacao?idProposicao=568378\">PL 5183\/13<\/a>, altera a periodicidade de visitas, que de semanais passam a ser mensais, e cancela as visitas \u00edntimas. Conforme o texto, haver\u00e1 um controle maior nos encontros com os familiares, por meio de grava\u00e7\u00f5es e filmagens, j\u00e1 que o detento ficar\u00e1 separado de seu parente por um vidro e a comunica\u00e7\u00e3o feita via interfone.<\/p>\n<p>Os contatos com advogados tamb\u00e9m ser\u00e3o balizados pela legisla\u00e7\u00e3o proposta. Al\u00e9m de mensais, as visitas dever\u00e3o ser agendadas previamente e com o conhecimento da Ordem dos Advogados do Brasil (OAB).<\/p>\n<p>Outro projeto analisado pelo Subtenente Gonzaga \u00e9 o <a href=\"http:\/\/www.camara.gov.br\/proposicoesWeb\/fichadetramitacao?idProposicao=493420\">PL 592\/11<\/a>, que determina a aplica\u00e7\u00e3o do regime disciplinar m\u00e1ximo ao preso provis\u00f3rio ou condenado, envolvido em organiza\u00e7\u00f5es criminosas, quadrilha, bando ou no comando de rebeli\u00f5es e crimes dentro e fora do pres\u00eddio. Se aprovada, medida alterar\u00e1 a Lei de Execu\u00e7\u00e3o Penal, criando o regime de seguran\u00e7a m\u00e1xima nos pres\u00eddios.<\/p>\n<p>J\u00e1 o <a href=\"http:\/\/www.camara.gov.br\/proposicoesWeb\/fichadetramitacao?idProposicao=2078990\">PL 4656\/16<\/a>, amplia o prazo de dura\u00e7\u00e3o do regime disciplinar diferenciado \u2013 aquele com maior grau de isolamento e restri\u00e7\u00f5es de contato com o mundo exterior. De acordo com a proposta, a dura\u00e7\u00e3o m\u00e1xima do novo regime ser\u00e1 de 720 dias prorrog\u00e1veis, prevendo recolhimento em cela individual e banho de sol de no m\u00e1ximo duas horas di\u00e1rias. Al\u00e9m disso, ser\u00e1 proibida a comunica\u00e7\u00e3o com outros presos e com os agentes penitenci\u00e1rios e as eventuais sa\u00eddas do pres\u00eddio tamb\u00e9m dever\u00e3o ser monitoradas.<\/p>\n<p>Como o pedestista\u00a0pretende ouvir, em audi\u00eancias p\u00fablicas, todos os setores da sociedade envolvidos no tema, como agentes penitenci\u00e1rios e especialistas, ele avalia que a elabora\u00e7\u00e3o de seu parecer levar\u00e1 cerca de dois meses, incluindo a sugest\u00e3o de um substitutivo que contemple todas as medidas propostas.<\/p>\n<p>&#8220;H\u00e1 dezenas de propostas, como as da CPI do Sistema Carcer\u00e1rio, que se encerrou em 2015, e ainda n\u00e3o h\u00e1 nenhum projeto apensado aqui, ent\u00e3o acho que haver\u00e1 muitas demandas. E essa comiss\u00e3o \u00e9 resultado do trabalho da Comiss\u00e3o de Seguran\u00e7a P\u00fablica. Levantamos essa discuss\u00e3o principalmente quando da crise no Rio Grande do Norte, em agosto, e no Acre, em setembro\u201d, afirma o deputado.<\/p>\n<p>Segundo o Subtenente Gonzaga, a comiss\u00e3o especial estar\u00e1 \u00e0 disposi\u00e7\u00e3o de todos para construir um texto que, de fato, responda \u00e0 necessidade do sistema carcer\u00e1rio brasileiro.<\/p>\n<!-- AddThis Advanced Settings generic via filter on the_content --><!-- AddThis Share Buttons generic via filter on the_content -->","protected":false},"excerpt":{"rendered":"<p>Desde o in\u00edcio deste ano, as cidades de Manaus (AM), Roraima (RR) e N\u00edsia Floresta, na Grande Natal (RN), t\u00eam sido alvo de uma s\u00e9rie de conflitos no sistema carcer\u00e1rio, causados por brigas entre fac\u00e7\u00f5es criminosas rivais. Diante dessa crise, o deputado federal Subtenente Gonzaga (PDT- MG) analisar\u00e1 36 projetos que tratam da seguran\u00e7a p\u00fablica&#8230;<!-- AddThis Advanced Settings generic via filter on wp_trim_excerpt --><!-- AddThis Share Buttons generic via filter on wp_trim_excerpt --><\/p>\n","protected":false},"author":17,"featured_media":52969,"comment_status":"closed","ping_status":"closed","sticky":false,"template":"","format":"standard","meta":{"_monsterinsights_skip_tracking":false,"_monsterinsights_sitenote_active":false,"_monsterinsights_sitenote_note":"","_monsterinsights_sitenote_category":0,"_uf_show_specific_survey":0,"_uf_disable_surveys":false,"footnotes":""},"categories":[1390,1402,1459],"tags":[2034,2032,2033,1721,1722,38,2035,2036,895,2038,2037],"class_list":["post-52968","post","type-post","status-publish","format-standard","has-post-thumbnail","hentry","category-editorias","category-cidades","category-congresso","tag-infopen","tag-lei-de-execucao-penal","tag-levantamento-nacional-de-informacoes-penitenciarias","tag-oab","tag-ordem-dos-advogados-do-brasil","tag-pdt","tag-regime-disciplinar-diferenciado","tag-sistema-carcerario","tag-subtenente-gonzaga","tag-superlotacao","tag-visitas-intimas"],"acf":[],"_links":{"self":[{"href":"https:\/\/pdt-rj.org.br\/index.php\/wp-json\/wp\/v2\/posts\/52968","targetHints":{"allow":["GET"]}}],"collection":[{"href":"https:\/\/pdt-rj.org.br\/index.php\/wp-json\/wp\/v2\/posts"}],"about":[{"href":"https:\/\/pdt-rj.org.br\/index.php\/wp-json\/wp\/v2\/types\/post"}],"author":[{"embeddable":true,"href":"https:\/\/pdt-rj.org.br\/index.php\/wp-json\/wp\/v2\/users\/17"}],"replies":[{"embeddable":true,"href":"https:\/\/pdt-rj.org.br\/index.php\/wp-json\/wp\/v2\/comments?post=52968"}],"version-history":[{"count":4,"href":"https:\/\/pdt-rj.org.br\/index.php\/wp-json\/wp\/v2\/posts\/52968\/revisions"}],"predecessor-version":[{"id":53128,"href":"https:\/\/pdt-rj.org.br\/index.php\/wp-json\/wp\/v2\/posts\/52968\/revisions\/53128"}],"wp:featuredmedia":[{"embeddable":true,"href":"https:\/\/pdt-rj.org.br\/index.php\/wp-json\/wp\/v2\/media\/52969"}],"wp:attachment":[{"href":"https:\/\/pdt-rj.org.br\/index.php\/wp-json\/wp\/v2\/media?parent=52968"}],"wp:term":[{"taxonomy":"category","embeddable":true,"href":"https:\/\/pdt-rj.org.br\/index.php\/wp-json\/wp\/v2\/categories?post=52968"},{"taxonomy":"post_tag","embeddable":true,"href":"https:\/\/pdt-rj.org.br\/index.php\/wp-json\/wp\/v2\/tags?post=52968"}],"curies":[{"name":"wp","href":"https:\/\/api.w.org\/{rel}","templated":true}]}}