{"id":52948,"date":"2017-03-02T17:15:24","date_gmt":"2017-03-02T20:15:24","guid":{"rendered":"http:\/\/pdt-rj.org.br\/?p=52948"},"modified":"2017-03-08T13:09:23","modified_gmt":"2017-03-08T16:09:23","slug":"lupi-e-manoel-dias-discursam-em-congresso-da-internacional-socialista","status":"publish","type":"post","link":"https:\/\/pdt-rj.org.br\/index.php\/lupi-e-manoel-dias-discursam-em-congresso-da-internacional-socialista\/","title":{"rendered":"Lupi e Manoel Dias discursam em Congresso da Internacional Socialista"},"content":{"rendered":"<p>Come\u00e7ou hoje (2) a vai at\u00e9 o pr\u00f3ximo s\u00e1bado (4) o XXV Congresso da Internacional Socialista em Cartagena, Col\u00f4mbia. O PDT participa do encontro com comitiva liderada pelo presidente Nacional Carlos Lupi e pelo secret\u00e1rio nacional da legenda, Manoel Dias. Lupi ser\u00e1 confirmado vice-presidente da Internacional Socialista.<\/p>\n<p>Em discurso nesta quarta, Lupi\u00a0defendeu a manuten\u00e7\u00e3o dos direitos trabalhistas e alertou para os dirigentes da internacional quanto ao momento pol\u00edtico vivido no Brasil e no mundo.<\/p>\n<p>\u201cPrecisamos refletir sobre o que acontece no mundo. A Internacional Socialista n\u00e3o pode aceitar a constru\u00e7\u00e3o de muros. A direita continua crescendo na humanidade com o poder do capitalismo\u201d, disse.<\/p>\n<p>\u201cN\u00f3s, socialistas e sociais-democratas, olhamos para os seres humanos. Pe\u00e7o uma reflex\u00e3o sobre o que acontece no mundo e que impacta a humanidade. Precisamos derrubar os muros da discrimina\u00e7\u00e3o. \u00c9 o papel da Internacional Socialista, que sempre esteve na vanguarda\u201d, convocou o pedetista.<\/p>\n<p>Ao liderar a comitiva do PDT junto do presidente da sigla, Carlos Lupi, Manoel Dias refor\u00e7ou a import\u00e2ncia da mobiliza\u00e7\u00e3o dos grupos socialistas. \u201cAs for\u00e7as de esquerda precisam estar cada vez mais integradas para combater essa onda reacion\u00e1ria e neoliberal que assola pa\u00edses em todo o mundo. Por isso, o alinhamento das a\u00e7\u00f5es \u00e9 fundamental para impedir o retrocesso social e a retirada de direitos hist\u00f3ricos\u201d, afirmou, ao tamb\u00e9m dialogar com Mar\u00eda Isabel Allende, do Partido Socialista chileno.<\/p>\n<p>\u201cNo Brasil, a jovem democracia sofreu um atentado no ano passado. O atual governo segue a cartilha do sistema financeiro e promove movimenta\u00e7\u00f5es que buscam destruir a Previd\u00eancia e a CLT, al\u00e9m de correr para entregar o nosso petr\u00f3leo, que \u00e9 a riqueza para emancipa\u00e7\u00e3o do nosso povo\u201d, alertou Dias, que foi ministro do Trabalho e Emprego no governo da presidente Dilma Rousseff.<\/p>\n<p>A delega\u00e7\u00e3o pedetista tamb\u00e9m conta com a presen\u00e7a dos vice-presidentes nacionais do partido, Miguelina Vecchio, Andr\u00e9 Figueiredo, Vieira da Cunha, al\u00e9m do secret\u00e1rio de Rela\u00e7\u00f5es Internacionais da sigla brasileira, M\u00e1rcio Bins Ely, da dirigente da A\u00e7\u00e3o Mulher Trabalhista (AMT), Marli Mendon\u00e7a, e do vice-presidente estadual do PDT no Cear\u00e1, Josbertini Clementino.<\/p>\n<p><strong>Programa\u00e7\u00e3o<\/strong><\/p>\n<p>O evento, que apresenta o slogan \u201cpor um mundo em paz, com igualdade e solidariedade\u201d, promover\u00e1 uma s\u00e9rie de debates sobre a\u00e7\u00f5es executadas e propostas para redu\u00e7\u00e3o dos conflitos, com destaque para o processo de pacifica\u00e7\u00e3o existente na Col\u00f4mbia, foi destacado pelo presidente local, Juan Manuel Santos.<\/p>\n<p>Al\u00e9m do processo eleitoral da IS, o evento promover\u00e1 pain\u00e9is que dar\u00e3o destaque para a implementa\u00e7\u00e3o de pol\u00edticas para estimular uma maior igualdade na economia nacional e mundial.<\/p>\n<!-- AddThis Advanced Settings generic via filter on the_content --><!-- AddThis Share Buttons generic via filter on the_content -->","protected":false},"excerpt":{"rendered":"<p>Come\u00e7ou hoje (2) a vai at\u00e9 o pr\u00f3ximo s\u00e1bado (4) o XXV Congresso da Internacional Socialista em Cartagena, Col\u00f4mbia. O PDT participa do encontro com comitiva liderada pelo presidente Nacional Carlos Lupi e pelo secret\u00e1rio nacional da legenda, Manoel Dias. Lupi ser\u00e1 confirmado vice-presidente da Internacional Socialista. Em discurso nesta quarta, Lupi\u00a0defendeu a manuten\u00e7\u00e3o dos&#8230;<!-- AddThis Advanced Settings generic via filter on wp_trim_excerpt --><!-- AddThis Share Buttons generic via filter on wp_trim_excerpt --><\/p>\n","protected":false},"author":17,"featured_media":52949,"comment_status":"closed","ping_status":"closed","sticky":false,"template":"","format":"standard","meta":{"_monsterinsights_skip_tracking":false,"_monsterinsights_sitenote_active":false,"_monsterinsights_sitenote_note":"","_monsterinsights_sitenote_category":0,"_uf_show_specific_survey":0,"_uf_disable_surveys":false,"footnotes":""},"categories":[1390,1397,1401],"tags":[119,196,2045,23,500,522,2044,596,1230,614,38],"class_list":["post-52948","post","type-post","status-publish","format-standard","has-post-thumbnail","hentry","category-editorias","category-movimentos","category-nacional","tag-andre-figueredo","tag-carlos-lupi","tag-congresso-da-internacional-socialista","tag-dilma-rousseff","tag-internacional-socialista","tag-josbertini-clementino","tag-manoes-dias","tag-marcio-bins-ely","tag-marli-mendonca","tag-miguelina-vecchio","tag-pdt"],"acf":[],"_links":{"self":[{"href":"https:\/\/pdt-rj.org.br\/index.php\/wp-json\/wp\/v2\/posts\/52948","targetHints":{"allow":["GET"]}}],"collection":[{"href":"https:\/\/pdt-rj.org.br\/index.php\/wp-json\/wp\/v2\/posts"}],"about":[{"href":"https:\/\/pdt-rj.org.br\/index.php\/wp-json\/wp\/v2\/types\/post"}],"author":[{"embeddable":true,"href":"https:\/\/pdt-rj.org.br\/index.php\/wp-json\/wp\/v2\/users\/17"}],"replies":[{"embeddable":true,"href":"https:\/\/pdt-rj.org.br\/index.php\/wp-json\/wp\/v2\/comments?post=52948"}],"version-history":[{"count":10,"href":"https:\/\/pdt-rj.org.br\/index.php\/wp-json\/wp\/v2\/posts\/52948\/revisions"}],"predecessor-version":[{"id":53031,"href":"https:\/\/pdt-rj.org.br\/index.php\/wp-json\/wp\/v2\/posts\/52948\/revisions\/53031"}],"wp:featuredmedia":[{"embeddable":true,"href":"https:\/\/pdt-rj.org.br\/index.php\/wp-json\/wp\/v2\/media\/52949"}],"wp:attachment":[{"href":"https:\/\/pdt-rj.org.br\/index.php\/wp-json\/wp\/v2\/media?parent=52948"}],"wp:term":[{"taxonomy":"category","embeddable":true,"href":"https:\/\/pdt-rj.org.br\/index.php\/wp-json\/wp\/v2\/categories?post=52948"},{"taxonomy":"post_tag","embeddable":true,"href":"https:\/\/pdt-rj.org.br\/index.php\/wp-json\/wp\/v2\/tags?post=52948"}],"curies":[{"name":"wp","href":"https:\/\/api.w.org\/{rel}","templated":true}]}}