{"id":52909,"date":"2017-02-22T10:16:56","date_gmt":"2017-02-22T13:16:56","guid":{"rendered":"http:\/\/pdt-rj.org.br\/?p=52909"},"modified":"2017-03-10T18:14:18","modified_gmt":"2017-03-10T21:14:18","slug":"primeiro-golpe-contra-jango-completa-63-anos","status":"publish","type":"post","link":"https:\/\/pdt-rj.org.br\/index.php\/primeiro-golpe-contra-jango-completa-63-anos\/","title":{"rendered":"Primeiro golpe contra Jango completa 63 anos"},"content":{"rendered":"<p><i><span style=\"font-weight: 400;\">O conhecido Manifesto dos Coron\u00e9is derrubou o ministro do Trabalho do \u00faltimo governo Vargas. Uma d\u00e9cada depois, os militares derrubaram o presidente da Rep\u00fablica<\/span><\/i><\/p>\n<p><span style=\"font-weight: 400;\">Um prel\u00fadio do golpe de 1964: assim pode ser chamado o 22 de fevereiro de 1954. Era a primeira vez que Jo\u00e3o Goulart perdia um posto por a\u00e7\u00e3o dos militares; neste caso, o de ministro do Trabalho. <\/span><\/p>\n<p><span style=\"font-weight: 400;\">Coron\u00e9is e tenentes-coron\u00e9is da ala conservadora do Ex\u00e9rcito publicaram um manifesto com duras cr\u00edticas \u00e0 proposta de aumento de 100% do sal\u00e1rio m\u00ednimo, apresentada por Jango. O presidente Vargas n\u00e3o teve escolha, exonerou o jovem ministro. Goulart n\u00e3o sabia, mas acabava de ter uma pequena prova do que lhe aconteceria 10 anos \u00e0 frente.<\/span><\/p>\n<p><span style=\"font-weight: 400;\">Naquele 22 de fevereiro, Get\u00falio Vargas foi impelido a destituir seu ministro \u2013 precisava amansar a oposi\u00e7\u00e3o feroz e conspiradora para impedir um prov\u00e1vel golpe. A manobra pol\u00edtica foi feita, por\u00e9m o pai do trabalhismo n\u00e3o negaria sua ideologia. No dia 1\u00ba de maio, Vargas anunciou o aumento do sal\u00e1rio m\u00ednimo, nos termos indicados por Jango. A medida incendiou a oposi\u00e7\u00e3o e, como esperado, a caserna.<\/span><\/p>\n<p><span style=\"font-weight: 400;\">Todos os golpes sofridos por Jango ao longo de sua trajet\u00f3ria pol\u00edtica recaem sobre a sua luta pelo trabalhador, pela distribui\u00e7\u00e3o da riqueza nacional e pela justi\u00e7a social. Se 1964 foi o ano em que o trabalhismo sofreu seu pior golpe, sem d\u00favida o Manifesto dos Coron\u00e9is e o 22 de fevereiro de 1954 foram o pontap\u00e9 inicial para a era mais obscura da hist\u00f3ria recente brasileira: a ditadura militar.<\/span><\/p>\n<!-- AddThis Advanced Settings generic via filter on the_content --><!-- AddThis Share Buttons generic via filter on the_content -->","protected":false},"excerpt":{"rendered":"<p>O conhecido Manifesto dos Coron\u00e9is derrubou o ministro do Trabalho do \u00faltimo governo Vargas. Uma d\u00e9cada depois, os militares derrubaram o presidente da Rep\u00fablica Um prel\u00fadio do golpe de 1964: assim pode ser chamado o 22 de fevereiro de 1954. Era a primeira vez que Jo\u00e3o Goulart perdia um posto por a\u00e7\u00e3o dos militares; neste&#8230;<!-- AddThis Advanced Settings generic via filter on wp_trim_excerpt --><!-- AddThis Share Buttons generic via filter on wp_trim_excerpt --><\/p>\n","protected":false},"author":17,"featured_media":52910,"comment_status":"closed","ping_status":"closed","sticky":false,"template":"","format":"standard","meta":{"_monsterinsights_skip_tracking":false,"_monsterinsights_sitenote_active":false,"_monsterinsights_sitenote_note":"","_monsterinsights_sitenote_category":0,"_uf_show_specific_survey":0,"_uf_disable_surveys":false,"footnotes":""},"categories":[1390],"tags":[2015,437,513,514,1472],"class_list":["post-52909","post","type-post","status-publish","format-standard","has-post-thumbnail","hentry","category-editorias","tag-aumento-de-100-do-salario-minimo","tag-getulio-vargas","tag-jango","tag-joao-goulart","tag-salario-minimo"],"acf":[],"_links":{"self":[{"href":"https:\/\/pdt-rj.org.br\/index.php\/wp-json\/wp\/v2\/posts\/52909","targetHints":{"allow":["GET"]}}],"collection":[{"href":"https:\/\/pdt-rj.org.br\/index.php\/wp-json\/wp\/v2\/posts"}],"about":[{"href":"https:\/\/pdt-rj.org.br\/index.php\/wp-json\/wp\/v2\/types\/post"}],"author":[{"embeddable":true,"href":"https:\/\/pdt-rj.org.br\/index.php\/wp-json\/wp\/v2\/users\/17"}],"replies":[{"embeddable":true,"href":"https:\/\/pdt-rj.org.br\/index.php\/wp-json\/wp\/v2\/comments?post=52909"}],"version-history":[{"count":2,"href":"https:\/\/pdt-rj.org.br\/index.php\/wp-json\/wp\/v2\/posts\/52909\/revisions"}],"predecessor-version":[{"id":53076,"href":"https:\/\/pdt-rj.org.br\/index.php\/wp-json\/wp\/v2\/posts\/52909\/revisions\/53076"}],"wp:featuredmedia":[{"embeddable":true,"href":"https:\/\/pdt-rj.org.br\/index.php\/wp-json\/wp\/v2\/media\/52910"}],"wp:attachment":[{"href":"https:\/\/pdt-rj.org.br\/index.php\/wp-json\/wp\/v2\/media?parent=52909"}],"wp:term":[{"taxonomy":"category","embeddable":true,"href":"https:\/\/pdt-rj.org.br\/index.php\/wp-json\/wp\/v2\/categories?post=52909"},{"taxonomy":"post_tag","embeddable":true,"href":"https:\/\/pdt-rj.org.br\/index.php\/wp-json\/wp\/v2\/tags?post=52909"}],"curies":[{"name":"wp","href":"https:\/\/api.w.org\/{rel}","templated":true}]}}