{"id":52834,"date":"2017-02-15T10:58:45","date_gmt":"2017-02-15T12:58:45","guid":{"rendered":"http:\/\/pdt-rj.org.br\/?p=52834"},"modified":"2017-02-21T13:24:11","modified_gmt":"2017-02-21T16:24:11","slug":"pdt-anuncia-deputados-que-atuarao-nas-comissoes-especiais-das-reformas","status":"publish","type":"post","link":"https:\/\/pdt-rj.org.br\/index.php\/pdt-anuncia-deputados-que-atuarao-nas-comissoes-especiais-das-reformas\/","title":{"rendered":"PDT anuncia deputados que atuar\u00e3o nas Comiss\u00f5es Especiais das Reformas"},"content":{"rendered":"<p>O PDT apresentou os deputados que participar\u00e3o das comiss\u00f5es especiais que avaliar\u00e3o as reformas que o Executivo tenta realizar no pa\u00eds. Os nomes foram decididos durante a reuni\u00e3o da bancada desta ter\u00e7a-feira (14).<\/p>\n<p>Os deputados S\u00e9rgio Vidigal (ES) e Hissa Abrah\u00e3o (AM) v\u00e3o ocupar respectivamente as cadeiras de titular e suplente na Comiss\u00e3o Especial da Reforma Trabalhista. J\u00e1 os parlamentares Assis do Couto (PR) e Andr\u00e9 Figueiredo (CE) ser\u00e3o, respectivamente, titular e suplente da Comiss\u00e3o Especial que vai discutir a Reforma Previdenci\u00e1ria.<\/p>\n<p>Para atuar na Comiss\u00e3o Especial da Reforma Pol\u00edtica, Afonso Motta (RS) ser\u00e1 o titular, e ter\u00e1 a seu lado Le\u00f4nidas Cristino (CE) na vaga de suplente.<\/p>\n<p>O deputado Weverton Rocha (MA), l\u00edder do PDT na C\u00e2mara, assegurou que os pedetistas indicados para as Comiss\u00f5es v\u00e3o defender os direitos dos brasileiros durantes as an\u00e1lises dessas reformas, e reafirmou o compromisso do PDT com os trabalhadores.<\/p>\n<p>\u201cO PDT assume as cadeiras dessas comiss\u00f5es com o compromisso junto \u00e0 popula\u00e7\u00e3o de lutar de forma intransigente para que nenhum direito seja retirado. Levaremos a s\u00e9rio todas as reformas e lutaremos com todas as for\u00e7as para que n\u00e3o avance esse projeto de retirada de direitos de nossos trabalhadores&#8221;, disse o l\u00edder.<\/p>\n<!-- AddThis Advanced Settings generic via filter on the_content --><!-- AddThis Share Buttons generic via filter on the_content -->","protected":false},"excerpt":{"rendered":"<p>O PDT apresentou os deputados que participar\u00e3o das comiss\u00f5es especiais que avaliar\u00e3o as reformas que o Executivo tenta realizar no pa\u00eds. Os nomes foram decididos durante a reuni\u00e3o da bancada desta ter\u00e7a-feira (14). Os deputados S\u00e9rgio Vidigal (ES) e Hissa Abrah\u00e3o (AM) v\u00e3o ocupar respectivamente as cadeiras de titular e suplente na Comiss\u00e3o Especial da&#8230;<!-- AddThis Advanced Settings generic via filter on wp_trim_excerpt --><!-- AddThis Share Buttons generic via filter on wp_trim_excerpt --><\/p>\n","protected":false},"author":17,"featured_media":52835,"comment_status":"closed","ping_status":"closed","sticky":false,"template":"","format":"standard","meta":{"_monsterinsights_skip_tracking":false,"_monsterinsights_sitenote_active":false,"_monsterinsights_sitenote_note":"","_monsterinsights_sitenote_category":0,"_uf_show_specific_survey":0,"_uf_disable_surveys":false,"footnotes":""},"categories":[1390,1459],"tags":[96,34,137,2005,2004,462,566,38,1740,873,962],"class_list":["post-52834","post","type-post","status-publish","format-standard","has-post-thumbnail","hentry","category-editorias","category-congresso","tag-afonso-motta","tag-andre-figueiredo","tag-assis-do-couto","tag-comissao-especial-da-reforma-trabalhista","tag-comissoes-especiais","tag-hissa-abrahao","tag-leonidas-cristino","tag-pdt","tag-reforma-politica","tag-sergio-vidigal","tag-weverton-rocha"],"acf":[],"_links":{"self":[{"href":"https:\/\/pdt-rj.org.br\/index.php\/wp-json\/wp\/v2\/posts\/52834","targetHints":{"allow":["GET"]}}],"collection":[{"href":"https:\/\/pdt-rj.org.br\/index.php\/wp-json\/wp\/v2\/posts"}],"about":[{"href":"https:\/\/pdt-rj.org.br\/index.php\/wp-json\/wp\/v2\/types\/post"}],"author":[{"embeddable":true,"href":"https:\/\/pdt-rj.org.br\/index.php\/wp-json\/wp\/v2\/users\/17"}],"replies":[{"embeddable":true,"href":"https:\/\/pdt-rj.org.br\/index.php\/wp-json\/wp\/v2\/comments?post=52834"}],"version-history":[{"count":2,"href":"https:\/\/pdt-rj.org.br\/index.php\/wp-json\/wp\/v2\/posts\/52834\/revisions"}],"predecessor-version":[{"id":52894,"href":"https:\/\/pdt-rj.org.br\/index.php\/wp-json\/wp\/v2\/posts\/52834\/revisions\/52894"}],"wp:featuredmedia":[{"embeddable":true,"href":"https:\/\/pdt-rj.org.br\/index.php\/wp-json\/wp\/v2\/media\/52835"}],"wp:attachment":[{"href":"https:\/\/pdt-rj.org.br\/index.php\/wp-json\/wp\/v2\/media?parent=52834"}],"wp:term":[{"taxonomy":"category","embeddable":true,"href":"https:\/\/pdt-rj.org.br\/index.php\/wp-json\/wp\/v2\/categories?post=52834"},{"taxonomy":"post_tag","embeddable":true,"href":"https:\/\/pdt-rj.org.br\/index.php\/wp-json\/wp\/v2\/tags?post=52834"}],"curies":[{"name":"wp","href":"https:\/\/api.w.org\/{rel}","templated":true}]}}