{"id":52809,"date":"2017-02-13T19:46:22","date_gmt":"2017-02-13T21:46:22","guid":{"rendered":"http:\/\/pdt-rj.org.br\/?p=52809"},"modified":"2017-02-21T16:38:24","modified_gmt":"2017-02-21T19:38:24","slug":"flavia-morais-questiona-suposto-deficit-da-previdencia-no-brasil","status":"publish","type":"post","link":"https:\/\/pdt-rj.org.br\/index.php\/flavia-morais-questiona-suposto-deficit-da-previdencia-no-brasil\/","title":{"rendered":"Fl\u00e1via Morais questiona &#8216;suposto d\u00e9ficit da Previd\u00eancia&#8217; no Brasil"},"content":{"rendered":"<p><span style=\"font-weight: 400;\">A deputada federal Fl\u00e1via Morais (PDT-GO) disse, durante o semin\u00e1rio \u201cEnvelhecimento Saud\u00e1vel na Holanda\u201d, realizado na \u00faltima semana na C\u00e2mara dos Deputados, que \u00e9 preciso avaliar \u201co suposto d\u00e9ficit da Previd\u00eancia\u201d. Para a pedetista, que \u00e9 coordenadora da Frente Parlamentar Mista do Envelhecimento Ativo, exemplos de sucesso devem embasar a reforma da Previd\u00eancia proposta pelo Governo, em tr\u00e2mite no Congresso Nacional.<\/span><\/p>\n<p><span style=\"font-weight: 400;\">Durante o encontro, que reuniu deputados, servidores e cidad\u00e3os, Fl\u00e1via Morais chamou a aten\u00e7\u00e3o para o debate sobre envelhecimento e Previd\u00eancia Social.<\/span><\/p>\n<p><span style=\"font-weight: 400;\">\u201cCom a tramita\u00e7\u00e3o da Reforma da Presid\u00eancia no Congresso Nacional, precisamos fazer uma avalia\u00e7\u00e3o profunda sobre o suposto d\u00e9ficit da Previd\u00eancia. Temos que saber at\u00e9 que ponto a Desvincula\u00e7\u00e3o das Receitas da Uni\u00e3o facilita o desvio de recursos do fundo para outras \u00e1reas\u201d, afirmou a parlamentar.<\/span><\/p>\n<p><span style=\"font-weight: 400;\">\u201cA reforma da previd\u00eancia n\u00e3o pode ser pensada como forma de ajuste fiscal. A Holanda tem os melhores \u00edndices de qualidade de vida do idoso na Europa. Essa troca de experi\u00eancias \u00e9 muito importante, em um momento em que o Brasil aumenta em ritmo acelerado sua popula\u00e7\u00e3o idosa\u201d, argumentou Fl\u00e1via.<\/span><\/p>\n<p><span style=\"font-weight: 400;\">O semin\u00e1rio \u201cEnvelhecimento Saud\u00e1vel na Holanda\u201d faz parte do estudo \u201cBrasil 2050 \u2013 os desafios de uma na\u00e7\u00e3o que envelhece\u201d, desenvolvido pelo Centro de Estudos e Debates Estrat\u00e9gicos (Cedes) com o apoio da Consultoria Legislativa. O evento foi comandado por Nico Schiettekatte, conselheiro de inova\u00e7\u00e3o e diretor executivo do Departamento de Ci\u00eancia, Tecnologia e Inova\u00e7\u00e3o do Consulado Geral do Reino dos Pa\u00edses Baixos em S\u00e3o Paulo.<\/span><\/p>\n<!-- AddThis Advanced Settings generic via filter on the_content --><!-- AddThis Share Buttons generic via filter on the_content -->","protected":false},"excerpt":{"rendered":"<p>A deputada federal Fl\u00e1via Morais (PDT-GO) disse, durante o semin\u00e1rio \u201cEnvelhecimento Saud\u00e1vel na Holanda\u201d, realizado na \u00faltima semana na C\u00e2mara dos Deputados, que \u00e9 preciso avaliar \u201co suposto d\u00e9ficit da Previd\u00eancia\u201d. Para a pedetista, que \u00e9 coordenadora da Frente Parlamentar Mista do Envelhecimento Ativo, exemplos de sucesso devem embasar a reforma da Previd\u00eancia proposta pelo&#8230;<!-- AddThis Advanced Settings generic via filter on wp_trim_excerpt --><!-- AddThis Share Buttons generic via filter on wp_trim_excerpt --><\/p>\n","protected":false},"author":17,"featured_media":52810,"comment_status":"closed","ping_status":"closed","sticky":false,"template":"","format":"standard","meta":{"_monsterinsights_skip_tracking":false,"_monsterinsights_sitenote_active":false,"_monsterinsights_sitenote_note":"","_monsterinsights_sitenote_category":0,"_uf_show_specific_survey":0,"_uf_disable_surveys":false,"footnotes":""},"categories":[1390,1459],"tags":[107,1995,1993,406,1994,1773],"class_list":["post-52809","post","type-post","status-publish","format-standard","has-post-thumbnail","hentry","category-editorias","category-congresso","tag-ajuste-fiscal","tag-brasil-2050-os-desafios-de-uma-nacao-que-envelhece","tag-envelhecimento-saudavel-na-holanda","tag-flavia-morais","tag-qualidade-de-vida","tag-reforma-da-previdencia"],"acf":[],"_links":{"self":[{"href":"https:\/\/pdt-rj.org.br\/index.php\/wp-json\/wp\/v2\/posts\/52809","targetHints":{"allow":["GET"]}}],"collection":[{"href":"https:\/\/pdt-rj.org.br\/index.php\/wp-json\/wp\/v2\/posts"}],"about":[{"href":"https:\/\/pdt-rj.org.br\/index.php\/wp-json\/wp\/v2\/types\/post"}],"author":[{"embeddable":true,"href":"https:\/\/pdt-rj.org.br\/index.php\/wp-json\/wp\/v2\/users\/17"}],"replies":[{"embeddable":true,"href":"https:\/\/pdt-rj.org.br\/index.php\/wp-json\/wp\/v2\/comments?post=52809"}],"version-history":[{"count":6,"href":"https:\/\/pdt-rj.org.br\/index.php\/wp-json\/wp\/v2\/posts\/52809\/revisions"}],"predecessor-version":[{"id":52906,"href":"https:\/\/pdt-rj.org.br\/index.php\/wp-json\/wp\/v2\/posts\/52809\/revisions\/52906"}],"wp:featuredmedia":[{"embeddable":true,"href":"https:\/\/pdt-rj.org.br\/index.php\/wp-json\/wp\/v2\/media\/52810"}],"wp:attachment":[{"href":"https:\/\/pdt-rj.org.br\/index.php\/wp-json\/wp\/v2\/media?parent=52809"}],"wp:term":[{"taxonomy":"category","embeddable":true,"href":"https:\/\/pdt-rj.org.br\/index.php\/wp-json\/wp\/v2\/categories?post=52809"},{"taxonomy":"post_tag","embeddable":true,"href":"https:\/\/pdt-rj.org.br\/index.php\/wp-json\/wp\/v2\/tags?post=52809"}],"curies":[{"name":"wp","href":"https:\/\/api.w.org\/{rel}","templated":true}]}}