{"id":52806,"date":"2017-02-10T19:23:22","date_gmt":"2017-02-10T21:23:22","guid":{"rendered":"http:\/\/pdt-rj.org.br\/?p=52806"},"modified":"2017-02-10T19:23:22","modified_gmt":"2017-02-10T21:23:22","slug":"gilmar-sossella-e-eleito-lider-do-pdt-na-assembleia-legislativa-de-porto-alegre","status":"publish","type":"post","link":"https:\/\/pdt-rj.org.br\/index.php\/gilmar-sossella-e-eleito-lider-do-pdt-na-assembleia-legislativa-de-porto-alegre\/","title":{"rendered":"Gilmar Sossella \u00e9 eleito l\u00edder do PDT na Assembleia Legislativa de Porto Alegre"},"content":{"rendered":"<div id=\"yui_3_16_0_ym19_1_1486761081817_4932\" class=\"body undoreset\" tabindex=\"0\">\n<div id=\"yui_3_16_0_ym19_1_1486761081817_4931\" class=\"email-wrapped\">\n<div id=\"yiv5066403443\">\n<div id=\"yui_3_16_0_ym19_1_1486761081817_4930\" dir=\"ltr\">\n<div id=\"yui_3_16_0_ym19_1_1486761081817_4929\" class=\"yiv5066403443gmail_quote\">\n<div id=\"yui_3_16_0_ym19_1_1486761081817_4928\" dir=\"ltr\">\n<div id=\"yui_3_16_0_ym19_1_1486761081817_4927\" class=\"yiv5066403443gmail_quote\">\n<div id=\"yui_3_16_0_ym19_1_1486761081817_4926\" dir=\"ltr\">\n<div id=\"yui_3_16_0_ym19_1_1486761081817_4925\" class=\"yiv5066403443gmail_quote\">\n<div id=\"yui_3_16_0_ym19_1_1486761081817_4924\" dir=\"ltr\">\n<p id=\"yui_3_16_0_ym19_1_1486761081817_5084\" class=\"yiv5066403443MsoNormal\"><b id=\"yui_3_16_0_ym19_1_1486761081817_5083\"><\/b>O deputado estadual Gilmar Sossella (PDT) assumiu a lideran\u00e7a da bancada trabalhista na Assembleia Legislativa de Porto Alegre (RS) para o per\u00edodo 2017\/2018. O parlamentar foi conduzido ao cargo por indica\u00e7\u00e3o da sigla e acordo com os demais deputados.<\/p>\n<p id=\"yui_3_16_0_ym19_1_1486761081817_5089\" class=\"yiv5066403443MsoNormal\">\u201c\u00c9 uma grande honra podermos representar a nossa bancada trabalhista no Parlamento ga\u00facho. Queremos honrar a confian\u00e7a dos colegas e corresponder aos princ\u00edpios do nosso PDT durante estes dois anos\u201d, destacou.<\/p>\n<p id=\"yui_3_16_0_ym19_1_1486761081817_5090\" class=\"yiv5066403443MsoNormal\">Gilmar Sossella est\u00e1 em seu terceiro mandato como deputado estadual. Em 2014 foi presidente da Assembleia Legislativa.<\/p>\n<\/div>\n<\/div>\n<\/div>\n<\/div>\n<\/div>\n<\/div>\n<\/div>\n<\/div>\n<\/div>\n<\/div>\n<!-- AddThis Advanced Settings generic via filter on the_content --><!-- AddThis Share Buttons generic via filter on the_content -->","protected":false},"excerpt":{"rendered":"<p>O deputado estadual Gilmar Sossella (PDT) assumiu a lideran\u00e7a da bancada trabalhista na Assembleia Legislativa de Porto Alegre (RS) para o per\u00edodo 2017\/2018. O parlamentar foi conduzido ao cargo por indica\u00e7\u00e3o da sigla e acordo com os demais deputados. \u201c\u00c9 uma grande honra podermos representar a nossa bancada trabalhista no Parlamento ga\u00facho. Queremos honrar a&#8230;<!-- AddThis Advanced Settings generic via filter on wp_trim_excerpt --><!-- AddThis Share Buttons generic via filter on wp_trim_excerpt --><\/p>\n","protected":false},"author":17,"featured_media":52807,"comment_status":"closed","ping_status":"closed","sticky":false,"template":"","format":"standard","meta":{"_monsterinsights_skip_tracking":false,"_monsterinsights_sitenote_active":false,"_monsterinsights_sitenote_note":"","_monsterinsights_sitenote_category":0,"_uf_show_specific_survey":0,"_uf_disable_surveys":false,"footnotes":""},"categories":[1390,1402],"tags":[],"class_list":["post-52806","post","type-post","status-publish","format-standard","has-post-thumbnail","hentry","category-editorias","category-cidades"],"acf":[],"_links":{"self":[{"href":"https:\/\/pdt-rj.org.br\/index.php\/wp-json\/wp\/v2\/posts\/52806","targetHints":{"allow":["GET"]}}],"collection":[{"href":"https:\/\/pdt-rj.org.br\/index.php\/wp-json\/wp\/v2\/posts"}],"about":[{"href":"https:\/\/pdt-rj.org.br\/index.php\/wp-json\/wp\/v2\/types\/post"}],"author":[{"embeddable":true,"href":"https:\/\/pdt-rj.org.br\/index.php\/wp-json\/wp\/v2\/users\/17"}],"replies":[{"embeddable":true,"href":"https:\/\/pdt-rj.org.br\/index.php\/wp-json\/wp\/v2\/comments?post=52806"}],"version-history":[{"count":1,"href":"https:\/\/pdt-rj.org.br\/index.php\/wp-json\/wp\/v2\/posts\/52806\/revisions"}],"predecessor-version":[{"id":52808,"href":"https:\/\/pdt-rj.org.br\/index.php\/wp-json\/wp\/v2\/posts\/52806\/revisions\/52808"}],"wp:featuredmedia":[{"embeddable":true,"href":"https:\/\/pdt-rj.org.br\/index.php\/wp-json\/wp\/v2\/media\/52807"}],"wp:attachment":[{"href":"https:\/\/pdt-rj.org.br\/index.php\/wp-json\/wp\/v2\/media?parent=52806"}],"wp:term":[{"taxonomy":"category","embeddable":true,"href":"https:\/\/pdt-rj.org.br\/index.php\/wp-json\/wp\/v2\/categories?post=52806"},{"taxonomy":"post_tag","embeddable":true,"href":"https:\/\/pdt-rj.org.br\/index.php\/wp-json\/wp\/v2\/tags?post=52806"}],"curies":[{"name":"wp","href":"https:\/\/api.w.org\/{rel}","templated":true}]}}