{"id":52768,"date":"2017-02-09T13:44:01","date_gmt":"2017-02-09T15:44:01","guid":{"rendered":"http:\/\/pdt-rj.org.br\/?p=52768"},"modified":"2017-02-20T17:24:41","modified_gmt":"2017-02-20T20:24:41","slug":"lider-do-pdt-na-alerj-luiz-martins-ataca-privatizacao-da-cedae","status":"publish","type":"post","link":"https:\/\/pdt-rj.org.br\/index.php\/lider-do-pdt-na-alerj-luiz-martins-ataca-privatizacao-da-cedae\/","title":{"rendered":"L\u00edder do PDT na Alerj, Luiz Martins ataca privatiza\u00e7\u00e3o da Cedae"},"content":{"rendered":"<p>O deputado estadual Luiz Martins (PDT-RJ), l\u00edder da bancada do partido, foi \u00e0 tribuna da Alerj para atacar a tentativa de privatiza\u00e7\u00e3o da Cedae, a companhia de \u00e1guas do Estado do Rio. A venda da empresa foi condicionada \u00e0 ajuda financeira do Governo Federal ao Estado do Rio, que passa pelo pior crise em d\u00e9cadas.<\/p>\n<p>&#8220;O governo federal, ileg\u00edtimo, quer condicionar sua ajuda ao nosso estado a venda da CEDAE. O governo estadual por sua vez, quer nos convencer, ou melhor, empurrar goela abaixo, de que essa \u00e9 a solu\u00e7\u00e3o. Lembro, que o Estado j\u00e1 teve v\u00e1rias outras oportunidades e n\u00e3o fez&#8221;, afirmou.<\/p>\n<p>Assista a \u00edntegra do pronunciamento do deputado <a href=\"https:\/\/www.youtube.com\/watch?v=ON0_REzUwXU&amp;t=331s\">aqui<\/a><\/p>\n<!-- AddThis Advanced Settings generic via filter on the_content --><!-- AddThis Share Buttons generic via filter on the_content -->","protected":false},"excerpt":{"rendered":"<p>O deputado estadual Luiz Martins (PDT-RJ), l\u00edder da bancada do partido, foi \u00e0 tribuna da Alerj para atacar a tentativa de privatiza\u00e7\u00e3o da Cedae, a companhia de \u00e1guas do Estado do Rio. A venda da empresa foi condicionada \u00e0 ajuda financeira do Governo Federal ao Estado do Rio, que passa pelo pior crise em d\u00e9cadas&#8230;.<!-- AddThis Advanced Settings generic via filter on wp_trim_excerpt --><!-- AddThis Share Buttons generic via filter on wp_trim_excerpt --><\/p>\n","protected":false},"author":17,"featured_media":21021,"comment_status":"closed","ping_status":"closed","sticky":false,"template":"","format":"standard","meta":{"_monsterinsights_skip_tracking":false,"_monsterinsights_sitenote_active":false,"_monsterinsights_sitenote_note":"","_monsterinsights_sitenote_category":0,"_uf_show_specific_survey":0,"_uf_disable_surveys":false,"footnotes":""},"categories":[1390,1402],"tags":[],"class_list":["post-52768","post","type-post","status-publish","format-standard","has-post-thumbnail","hentry","category-editorias","category-cidades"],"acf":[],"_links":{"self":[{"href":"https:\/\/pdt-rj.org.br\/index.php\/wp-json\/wp\/v2\/posts\/52768","targetHints":{"allow":["GET"]}}],"collection":[{"href":"https:\/\/pdt-rj.org.br\/index.php\/wp-json\/wp\/v2\/posts"}],"about":[{"href":"https:\/\/pdt-rj.org.br\/index.php\/wp-json\/wp\/v2\/types\/post"}],"author":[{"embeddable":true,"href":"https:\/\/pdt-rj.org.br\/index.php\/wp-json\/wp\/v2\/users\/17"}],"replies":[{"embeddable":true,"href":"https:\/\/pdt-rj.org.br\/index.php\/wp-json\/wp\/v2\/comments?post=52768"}],"version-history":[{"count":10,"href":"https:\/\/pdt-rj.org.br\/index.php\/wp-json\/wp\/v2\/posts\/52768\/revisions"}],"predecessor-version":[{"id":52889,"href":"https:\/\/pdt-rj.org.br\/index.php\/wp-json\/wp\/v2\/posts\/52768\/revisions\/52889"}],"wp:featuredmedia":[{"embeddable":true,"href":"https:\/\/pdt-rj.org.br\/index.php\/wp-json\/wp\/v2\/media\/21021"}],"wp:attachment":[{"href":"https:\/\/pdt-rj.org.br\/index.php\/wp-json\/wp\/v2\/media?parent=52768"}],"wp:term":[{"taxonomy":"category","embeddable":true,"href":"https:\/\/pdt-rj.org.br\/index.php\/wp-json\/wp\/v2\/categories?post=52768"},{"taxonomy":"post_tag","embeddable":true,"href":"https:\/\/pdt-rj.org.br\/index.php\/wp-json\/wp\/v2\/tags?post=52768"}],"curies":[{"name":"wp","href":"https:\/\/api.w.org\/{rel}","templated":true}]}}