{"id":52761,"date":"2017-02-08T08:07:49","date_gmt":"2017-02-08T10:07:49","guid":{"rendered":"http:\/\/pdt-rj.org.br\/?p=52761"},"modified":"2017-02-15T11:15:03","modified_gmt":"2017-02-15T13:15:03","slug":"seminario-nacional-de-vereadores-do-pdt-supera-meta-de-500-inscritos","status":"publish","type":"post","link":"https:\/\/pdt-rj.org.br\/index.php\/seminario-nacional-de-vereadores-do-pdt-supera-meta-de-500-inscritos\/","title":{"rendered":"Semin\u00e1rio Nacional de Vereadores do PDT supera meta de 500 inscritos"},"content":{"rendered":"<p>O secret\u00e1rio-geral do PDT e presidente da Funda\u00e7\u00e3o Leonel Brizola &#8211; Alberto Pasqualini (FLB-AP), Manoel Dias, anunciou hoje (7) que mais de 500 vereadores e lideran\u00e7as j\u00e1 confirmaram presen\u00e7a no IV Semin\u00e1rio Nacional de Vereadores do PDT. Tendo a Funda\u00e7\u00e3o e partido como organizadores, a iniciativa estimular\u00e1 durante os dias 16 e 17 de fevereiro, no hotel Nacional, em Bras\u00edlia, a qualifica\u00e7\u00e3o e a integra\u00e7\u00e3o de filiados de todas as regi\u00f5es do pa\u00eds.<\/p>\n<p>Esta edi\u00e7\u00e3o ter\u00e1 como tema \u201cO Trabalhismo e a nova gest\u00e3o p\u00fablica municipal \u2013 Desafios \u00e0 constru\u00e7\u00e3o de um mandato transparente e participativo\u201d e ser\u00e1 realizado em um formato interativo, com divulga\u00e7\u00e3o em tempo real pelas redes socais pedetistas.<\/p>\n<p>Durante dois dias, os presentes assistir\u00e3o palestras e participar\u00e3o de debates com personalidades do campo trabalhista, com destaque para o pr\u00e9-candidato a presidente da Rep\u00fablica pelo PDT, Ciro Gomes.<\/p>\n<p>Para Manoel Dias, o evento ocorrer\u00e1 em um momento crucial para a amplia\u00e7\u00e3o da mobiliza\u00e7\u00e3o dos militantes diante da ofensiva conservadora da direita no pa\u00eds. \u201cVivemos um momento \u00edmpar da hist\u00f3ria, em que o nosso partido, dentre os participantes do campo popular, \u00e9 aquele que conseguiu superar a grande avalanche de den\u00fancias de corrup\u00e7\u00e3o e todos os males que foram feitos nesses \u00faltimos tempos\u201d, destacou.<\/p>\n<p>\u201cEnt\u00e3o, cabe a n\u00f3s, como trabalhistas e detentores da mais bonita e mais longa hist\u00f3ria em defesa da soberania dos direitos dos trabalhadores, ocuparmos o espa\u00e7o. Agora, para ocupar, n\u00f3s temos que estar capacitados\u201d, convocou.<\/p>\n<!-- AddThis Advanced Settings generic via filter on the_content --><!-- AddThis Share Buttons generic via filter on the_content -->","protected":false},"excerpt":{"rendered":"<p>O secret\u00e1rio-geral do PDT e presidente da Funda\u00e7\u00e3o Leonel Brizola &#8211; Alberto Pasqualini (FLB-AP), Manoel Dias, anunciou hoje (7) que mais de 500 vereadores e lideran\u00e7as j\u00e1 confirmaram presen\u00e7a no IV Semin\u00e1rio Nacional de Vereadores do PDT. Tendo a Funda\u00e7\u00e3o e partido como organizadores, a iniciativa estimular\u00e1 durante os dias 16 e 17 de fevereiro,&#8230;<!-- AddThis Advanced Settings generic via filter on wp_trim_excerpt --><!-- AddThis Share Buttons generic via filter on wp_trim_excerpt --><\/p>\n","protected":false},"author":17,"featured_media":52764,"comment_status":"closed","ping_status":"closed","sticky":false,"template":"","format":"standard","meta":{"_monsterinsights_skip_tracking":false,"_monsterinsights_sitenote_active":false,"_monsterinsights_sitenote_note":"","_monsterinsights_sitenote_category":0,"_uf_show_specific_survey":0,"_uf_disable_surveys":false,"footnotes":""},"categories":[1390,1401],"tags":[220,1982,591,38,1985],"class_list":["post-52761","post","type-post","status-publish","format-standard","has-post-thumbnail","hentry","category-editorias","category-nacional","tag-ciro-gomes","tag-iv-seminario-de-vereadores-do-pdt","tag-manoel-dias","tag-pdt","tag-trabalhista"],"acf":[],"_links":{"self":[{"href":"https:\/\/pdt-rj.org.br\/index.php\/wp-json\/wp\/v2\/posts\/52761","targetHints":{"allow":["GET"]}}],"collection":[{"href":"https:\/\/pdt-rj.org.br\/index.php\/wp-json\/wp\/v2\/posts"}],"about":[{"href":"https:\/\/pdt-rj.org.br\/index.php\/wp-json\/wp\/v2\/types\/post"}],"author":[{"embeddable":true,"href":"https:\/\/pdt-rj.org.br\/index.php\/wp-json\/wp\/v2\/users\/17"}],"replies":[{"embeddable":true,"href":"https:\/\/pdt-rj.org.br\/index.php\/wp-json\/wp\/v2\/comments?post=52761"}],"version-history":[{"count":5,"href":"https:\/\/pdt-rj.org.br\/index.php\/wp-json\/wp\/v2\/posts\/52761\/revisions"}],"predecessor-version":[{"id":52841,"href":"https:\/\/pdt-rj.org.br\/index.php\/wp-json\/wp\/v2\/posts\/52761\/revisions\/52841"}],"wp:featuredmedia":[{"embeddable":true,"href":"https:\/\/pdt-rj.org.br\/index.php\/wp-json\/wp\/v2\/media\/52764"}],"wp:attachment":[{"href":"https:\/\/pdt-rj.org.br\/index.php\/wp-json\/wp\/v2\/media?parent=52761"}],"wp:term":[{"taxonomy":"category","embeddable":true,"href":"https:\/\/pdt-rj.org.br\/index.php\/wp-json\/wp\/v2\/categories?post=52761"},{"taxonomy":"post_tag","embeddable":true,"href":"https:\/\/pdt-rj.org.br\/index.php\/wp-json\/wp\/v2\/tags?post=52761"}],"curies":[{"name":"wp","href":"https:\/\/api.w.org\/{rel}","templated":true}]}}