{"id":52740,"date":"2017-02-07T08:00:37","date_gmt":"2017-02-07T10:00:37","guid":{"rendered":"http:\/\/pdt-rj.org.br\/?p=52740"},"modified":"2017-02-15T11:21:14","modified_gmt":"2017-02-15T13:21:14","slug":"quem-tem-medo-do-ciro-gomes","status":"publish","type":"post","link":"https:\/\/pdt-rj.org.br\/index.php\/quem-tem-medo-do-ciro-gomes\/","title":{"rendered":"Quem tem medo do Ciro Gomes?"},"content":{"rendered":"<p>Depois do impeachment da presidenta Dilma Rousseff, certo discurso apresentado na imprensa progressista \u2013 e tamb\u00e9m por alguns intelectuais \u2013 tem me incomodado bastante. Refiro-me \u00e0 insist\u00eancia na tese de que a recomposi\u00e7\u00e3o da esquerda nacional \u00e9 a reconstru\u00e7\u00e3o do PT.<\/p>\n<p>Isto \u00e9 uma meia verdade. Nada contra o PT, diga-se de passagem; mas sim com esta defini\u00e7\u00e3o simplista de que o campo progressista \u00e9 composto s\u00f3 pelo Partido dos Trabalhadores. Por que ignorar e esconder o Trabalhismo Brasileiro e o PDT?<\/p>\n<p>Embora tenha pela corrente petista grande afinidade, al\u00e9m de ver nela a express\u00e3o de um projeto generoso e progressista para o Brasil, uma indaga\u00e7\u00e3o est\u00e1 sempre presente: o que leva importantes ve\u00edculos da imprensa especializada a esconderem os herdeiros de Get\u00falio, Jango e Brizola nas suas an\u00e1lises?<\/p>\n<p>Afinal, o PDT insere-se neste cen\u00e1rio do p\u00f3s-Lula, com um objetivo claro: a retomada do \u201cfio da hist\u00f3ria\u201d. E, para isto, apresenta, assume e declara a candidatura de Ciro Gomes \u00e0 Presid\u00eancia da Rep\u00fablica que, segundo alguns respeitados institutos de pesquisa, \u00e9 de grande viabilidade eleitoral.<\/p>\n<p>Some-se a isto o fato de o PDT ter sido o partido da esquerda nacional que mais cresceu nas elei\u00e7\u00f5es municipais de 2016, tendo agora o maior n\u00famero de prefeitos (338) e vereadores (3.756), neste importante campo da pol\u00edtica brasileira.<\/p>\n<p>Das capitais brasileiras, o PDT governa cidades importantes, como Natal (RN), S\u00e3o Lu\u00eds (MA) e Fortaleza (CE). Al\u00e9m disto, na mais recente fotografia de representa\u00e7\u00e3o em governos, o PDT tornou-se mais expressivo que o PT, j\u00e1 que aconteceu uma queda abrupta dos votos petistas nas \u00faltimas elei\u00e7\u00f5es municipais.<\/p>\n<p>Neste momento pol\u00edtico nacional, em rela\u00e7\u00e3o a identidade ideol\u00f3gica cl\u00e1ssica dos progressistas, o PDT tem uma dimens\u00e3o parelha ao PT, a seus aliados menores (PCdoB) e mesmo a partidos surgidos como dissid\u00eancia: PSTU, PSOL, PCO.<\/p>\n<p>Basta uma an\u00e1lise, com a aten\u00e7\u00e3o necess\u00e1ria, das \u00faltimas prega\u00e7\u00f5es do candidato a presidente pelo PDT, Ciro Gomes, que se encontrar\u00e1 uma profunda cr\u00edtica ao sistema financeiro; al\u00e9m de reiterado compromisso de combate \u00e0s agendas do governo Temer, tais como a implementa\u00e7\u00e3o da PEC 55, as \u201creformas\u201d trabalhista e a previdenci\u00e1ria.<\/p>\n<p>Vou al\u00e9m: no plano da esquerda, os trabalhistas foram os que atuaram de forma mais contundente, nos epis\u00f3dios recentemente, ao afirmar seus compromissos definidos na Carta de Lisboa. O PDT foi o primeiro partido a fechar quest\u00e3o contra o golpe que acabou sendo vitorioso.<\/p>\n<p>Recentemente, em duas decis\u00f5es distintas, o PDT puniu com rigor \u2013 que chegou \u00e0 expuls\u00e3o de parlamentares de suas bancadas nas duas casas do Congresso \u2013 os que ousaram votar contrariando posi\u00e7\u00f5es hist\u00f3ricas assumidas pelo partido: consideradas cl\u00e1usulas p\u00e9treas pedetistas.<\/p>\n<p>Na elei\u00e7\u00e3o para a presid\u00eancia da C\u00e2mara dos Deputados, o PT por pouco n\u00e3o deu o abra\u00e7o do afogado e se uniu \u00e0queles que golpearam o governo Dilma. Ora bolas! O PT cogitou o apoio a candidatura de Rodrigo Maia (DEM) contra a constru\u00e7\u00e3o de uma candidatura unificada de esquerda democr\u00e1tica. Posteriormente mesmo aceitando a candidatura da esquerda, o que se viu foram muitos votos petistas escoarem em favor dos seus algozes. Seria a \u201cS\u00edndrome de Estocolmo petista\u201d?<\/p>\n<p>\u00c9 esta a corrente que os articulistas pretendem definir como a que det\u00e9m o monop\u00f3lio da esquerda? A mesma que deixou de lado a den\u00fancia do golpe e preferiu se lan\u00e7ar aos conchavos palacianos com os grupos que impulsionam a mais severa agenda de reforma contra os trabalhadores.<\/p>\n<p>Repito! Nada contra o PT ou seus seguidores, mas a verdade \u00e9 que existem muitos outros tons de vermelho no caleidosc\u00f3pio da esquerda popular tupiniquim. Este pluralismo vai muito al\u00e9m das fronteiras do lulo-petismo como pudemos assistir. Reafirmo: esconder os Trabalhistas e o PDT \u00e9 promover uma realidade inexistente e maquiada.<\/p>\n<p>Por derradeiro, torna-se importante saber se escondem uma verdade patente por mero desconhecimento hist\u00f3rico da realidade \u2013 o que acho muito dif\u00edcil \u2013 ou por op\u00e7\u00e3o pragm\u00e1tica e hegem\u00f4nica: preferem fabricar narrativas falsas, ao inv\u00e9s de permitir alternativas democr\u00e1ticas e progressistas dentro da esquerda popular, dispostas a disputar eleitoralmente o mesmo campo que o PT tamb\u00e9m ocupa.<\/p>\n<p>Para estes pragm\u00e1ticos, o monop\u00f3lio da esquerda nacional \u00e9 deles; e disto n\u00e3o abrem m\u00e3o, mesmo quando o que est\u00e1 em jogo \u00e9 a democracia e a retomada de um projeto nacional que garanta a qualidade de vida para o povo brasileiro.<\/p>\n<p><em>\u00a0<\/em><\/p>\n<p><strong><em>*Everton Gomes \u00e9 presidente nacional da Juventude Socialista e Secret\u00e1rio Nacional de Organiza\u00e7\u00e3o do PDT. Mestre em Ci\u00eancia Pol\u00edtica pela Universidade Federal Fluminense, pesquisa partidos pol\u00edticos e democracia.<\/em><\/strong><\/p>\n<!-- AddThis Advanced Settings generic via filter on the_content --><!-- AddThis Share Buttons generic via filter on the_content -->","protected":false},"excerpt":{"rendered":"<p>Depois do impeachment da presidenta Dilma Rousseff, certo discurso apresentado na imprensa progressista \u2013 e tamb\u00e9m por alguns intelectuais \u2013 tem me incomodado bastante. Refiro-me \u00e0 insist\u00eancia na tese de que a recomposi\u00e7\u00e3o da esquerda nacional \u00e9 a reconstru\u00e7\u00e3o do PT. Isto \u00e9 uma meia verdade. Nada contra o PT, diga-se de passagem; mas sim&#8230;<!-- AddThis Advanced Settings generic via filter on wp_trim_excerpt --><!-- AddThis Share Buttons generic via filter on wp_trim_excerpt --><\/p>\n","protected":false},"author":17,"featured_media":52759,"comment_status":"closed","ping_status":"closed","sticky":false,"template":"","format":"standard","meta":{"_monsterinsights_skip_tracking":false,"_monsterinsights_sitenote_active":false,"_monsterinsights_sitenote_note":"","_monsterinsights_sitenote_category":0,"_uf_show_specific_survey":0,"_uf_disable_surveys":false,"footnotes":""},"categories":[1584,976],"tags":[1934,220,1986,1796,10,38,1780,1987,1988],"class_list":["post-52740","post","type-post","status-publish","format-standard","has-post-thumbnail","hentry","category-artigos","category-noticias-em-destaque","tag-carta-de-lisboa","tag-ciro-gomes","tag-esquerda-democratica","tag-everton-gomes","tag-golpe","tag-pdt","tag-pec-55","tag-pos-lula","tag-sistema-financeiro"],"acf":[],"_links":{"self":[{"href":"https:\/\/pdt-rj.org.br\/index.php\/wp-json\/wp\/v2\/posts\/52740","targetHints":{"allow":["GET"]}}],"collection":[{"href":"https:\/\/pdt-rj.org.br\/index.php\/wp-json\/wp\/v2\/posts"}],"about":[{"href":"https:\/\/pdt-rj.org.br\/index.php\/wp-json\/wp\/v2\/types\/post"}],"author":[{"embeddable":true,"href":"https:\/\/pdt-rj.org.br\/index.php\/wp-json\/wp\/v2\/users\/17"}],"replies":[{"embeddable":true,"href":"https:\/\/pdt-rj.org.br\/index.php\/wp-json\/wp\/v2\/comments?post=52740"}],"version-history":[{"count":4,"href":"https:\/\/pdt-rj.org.br\/index.php\/wp-json\/wp\/v2\/posts\/52740\/revisions"}],"predecessor-version":[{"id":52843,"href":"https:\/\/pdt-rj.org.br\/index.php\/wp-json\/wp\/v2\/posts\/52740\/revisions\/52843"}],"wp:featuredmedia":[{"embeddable":true,"href":"https:\/\/pdt-rj.org.br\/index.php\/wp-json\/wp\/v2\/media\/52759"}],"wp:attachment":[{"href":"https:\/\/pdt-rj.org.br\/index.php\/wp-json\/wp\/v2\/media?parent=52740"}],"wp:term":[{"taxonomy":"category","embeddable":true,"href":"https:\/\/pdt-rj.org.br\/index.php\/wp-json\/wp\/v2\/categories?post=52740"},{"taxonomy":"post_tag","embeddable":true,"href":"https:\/\/pdt-rj.org.br\/index.php\/wp-json\/wp\/v2\/tags?post=52740"}],"curies":[{"name":"wp","href":"https:\/\/api.w.org\/{rel}","templated":true}]}}