{"id":52736,"date":"2017-02-06T18:56:58","date_gmt":"2017-02-06T20:56:58","guid":{"rendered":"http:\/\/pdt-rj.org.br\/?p=52736"},"modified":"2017-02-10T18:21:09","modified_gmt":"2017-02-10T20:21:09","slug":"weverton-rocha-promete-oposicao-as-reformas-trabalhista-e-da-previdencia","status":"publish","type":"post","link":"https:\/\/pdt-rj.org.br\/index.php\/weverton-rocha-promete-oposicao-as-reformas-trabalhista-e-da-previdencia\/","title":{"rendered":"Weverton Rocha promete oposi\u00e7\u00e3o \u00e0s reformas trabalhista e da previd\u00eancia"},"content":{"rendered":"<p>Em entrevista \u00e0 Ag\u00eancia C\u00e2mara, o L\u00edder do PDT, deputado Weverton Rocha (MA), \u00a0reafirmou a posi\u00e7\u00e3o \u00a0do partido em rela\u00e7\u00e3o \u00e0 reforma da Previd\u00eancia: \u00e9 contra a proposta enviada pelo governo \u00e0 C\u00e2mara dos Deputados. \u201cN\u00f3s somos contra mudar a aposentadoria do trabalhador rural. Somos contra igualar a idade da mulher e a do homem para a aposentadoria\u201d, explicou o l\u00edder ao falar ainda sobre prioridades da legenda para 2017. Rocha disse ainda que o partido vai se posicionar contrariamente a tudo que retirar direitos da popula\u00e7\u00e3o, como a reforma trabalhista que, segundo ele, \u00e9 um ajuste para beneficiar o empresariado.<\/p>\n<p>Segundo o l\u00edder, em se tratando de mat\u00e9rias para retirar direitos e tratar de quest\u00f5es que n\u00e3o sejam pautas de interesse nacional, o PDT far\u00e1 oposi\u00e7\u00e3o, alertando o Brasil para qualquer tipo de fraude ou agress\u00e3o que o povo brasileiro possa receber.<\/p>\n<p>Weverton Rocha, 37 anos, \u00e9 filiado ao PDT desde 1996 e est\u00e1 em seu segundo mandato. Fora da C\u00e2mara, foi secret\u00e1rio da Juventude no Maranh\u00e3o entre 2007 e 2008 e secret\u00e1rio de Esporte e Juventude entre 2008 e 2009.<\/p>\n<p><strong>Quais as prioridades do PDT este ano na C\u00e2mara?<\/strong><\/p>\n<p>O PDT vai ter uma postura coerente como v\u00ednhamos tendo ao longo de todas as nossas legislaturas. No que for a favor do trabalhador e da educa\u00e7\u00e3o, o PDT estar\u00e1 junto dando as m\u00e3os para enfrentar as dificuldades. No que for para retirar direitos e tratar de quest\u00f5es que n\u00e3o sejam pautas de interesse nacional, o PDT far\u00e1 oposi\u00e7\u00e3o, alertando o Brasil para qualquer tipo de fraude ou agress\u00e3o que o povo brasileiro possa receber.<\/p>\n<p>O partido est\u00e1 bastante consciente do momento que estamos vivendo, da crise que se est\u00e1 atravessando. Em 2017, vamos terminar de atravessar esse momento dif\u00edcil e nos preparar para 2018. Em 2018, o povo brasileiro ter\u00e1 oportunidade de eleger um presidente que tenha legitimidade para enfrentar os temas dif\u00edceis que est\u00e3o querendo tratar neste ano.<\/p>\n<p><strong>Qual o posicionamento do partido em rela\u00e7\u00e3o \u00e0 reforma da Previd\u00eancia?<\/strong><\/p>\n<p>Todos sabem e t\u00eam a consci\u00eancia de que \u00e9 preciso discutir a Previd\u00eancia. Daqui a 25 anos, a popula\u00e7\u00e3o idosa vai aumentar de forma significativa em rela\u00e7\u00e3o \u00e0 jovem. \u00c9 como uma pir\u00e2mide de cabe\u00e7a para baixo. \u00c9 preciso fazer essa conta corretamente. H\u00e1 abusos e erros. O PDT \u00e9 contra a forma como est\u00e1 sendo discutida e colocada para o Congresso. N\u00f3s somos contra mudar a aposentadoria do trabalhador rural. Somos contra igualar a idade da mulher e a do homem para a aposentadoria, assim como a idade m\u00ednima que est\u00e1 a\u00ed proposta.<\/p>\n<p>Este governo quer colocar um olhar fazend\u00e1rio para a Previd\u00eancia, e a pol\u00edtica previdenci\u00e1ria n\u00e3o \u00e9 fazend\u00e1ria. \u00c9 um grande erro. Quando foi institu\u00edda a Previd\u00eancia Social, ela j\u00e1 diz que \u00e9 social. Ela tem um olhar de seguridade, de garantia. N\u00e3o pode ser vista como uma conta de mais e menos. Da forma que est\u00e1, muitos trabalhadores n\u00e3o ter\u00e3o sequer a oportunidade de se aposentar um dia.<\/p>\n<p>Neste momento, vamos nos encaminhar contrariamente \u00e0 reforma da Previd\u00eancia. \u00c9 necess\u00e1rio que se tenha legitimidade para mexer em um tema t\u00e3o importante, e este governo n\u00e3o tem. \u00c9 necess\u00e1rio esperar o pr\u00f3ximo um ano e meio e as pr\u00f3ximas elei\u00e7\u00f5es. O pr\u00f3ximo presidente eleito ter\u00e1 condi\u00e7\u00f5es de tratar um tema t\u00e3o delicado e importante.<\/p>\n<p><strong>Que outros projetos e reformas o seu partido elencaria como priorit\u00e1rios?<\/strong><\/p>\n<p>A reforma trabalhista, que n\u00e3o \u00e9 uma reforma trabalhista, \u00e9 um ajuste para o empres\u00e1rio. \u00c9 preciso que o cidad\u00e3o preste aten\u00e7\u00e3o. Quando as grandes m\u00eddias conservadoras dizem que essa proposta \u00e9 boa, a gente tem que ficar preocupado. \u00c9 preciso ter cautela quando dizem que \u00e9 um avan\u00e7o discutir o negociado sobre o legislado. Fazem compara\u00e7\u00f5es com pa\u00edses ditos desenvolvidos, mas em legisla\u00e7\u00e3o trabalhista eles n\u00e3o s\u00e3o desenvolvidos como o Brasil hoje \u00e9. \u00c9 preciso ter cuidado para n\u00e3o tirar direito do trabalhador e n\u00e3o deixar ele fragilizado numa mesa de negocia\u00e7\u00e3o.<\/p>\n<p>Outra quest\u00e3o \u00e9 a reforma pol\u00edtica. Ela deve ser discutida neste ano. \u00c9 necess\u00e1rio discutir, aperfei\u00e7oar. Precisamos cada vez mais aproximar o pleito eleitoral pol\u00edtico do pleito social: ouvir as ruas, fazer com que as elei\u00e7\u00f5es tenham mais a cara das ruas, para que as pessoas se sintam representadas de verdade pelos seus eleitos.<\/p>\n<!-- AddThis Advanced Settings generic via filter on the_content --><!-- AddThis Share Buttons generic via filter on the_content -->","protected":false},"excerpt":{"rendered":"<p>Em entrevista \u00e0 Ag\u00eancia C\u00e2mara, o L\u00edder do PDT, deputado Weverton Rocha (MA), \u00a0reafirmou a posi\u00e7\u00e3o \u00a0do partido em rela\u00e7\u00e3o \u00e0 reforma da Previd\u00eancia: \u00e9 contra a proposta enviada pelo governo \u00e0 C\u00e2mara dos Deputados. \u201cN\u00f3s somos contra mudar a aposentadoria do trabalhador rural. Somos contra igualar a idade da mulher e a do homem&#8230;<!-- AddThis Advanced Settings generic via filter on wp_trim_excerpt --><!-- AddThis Share Buttons generic via filter on wp_trim_excerpt --><\/p>\n","protected":false},"author":17,"featured_media":52737,"comment_status":"closed","ping_status":"closed","sticky":false,"template":"","format":"standard","meta":{"_monsterinsights_skip_tracking":false,"_monsterinsights_sitenote_active":false,"_monsterinsights_sitenote_note":"","_monsterinsights_sitenote_category":0,"_uf_show_specific_survey":0,"_uf_disable_surveys":false,"footnotes":""},"categories":[1390],"tags":[],"class_list":["post-52736","post","type-post","status-publish","format-standard","has-post-thumbnail","hentry","category-editorias"],"acf":[],"_links":{"self":[{"href":"https:\/\/pdt-rj.org.br\/index.php\/wp-json\/wp\/v2\/posts\/52736","targetHints":{"allow":["GET"]}}],"collection":[{"href":"https:\/\/pdt-rj.org.br\/index.php\/wp-json\/wp\/v2\/posts"}],"about":[{"href":"https:\/\/pdt-rj.org.br\/index.php\/wp-json\/wp\/v2\/types\/post"}],"author":[{"embeddable":true,"href":"https:\/\/pdt-rj.org.br\/index.php\/wp-json\/wp\/v2\/users\/17"}],"replies":[{"embeddable":true,"href":"https:\/\/pdt-rj.org.br\/index.php\/wp-json\/wp\/v2\/comments?post=52736"}],"version-history":[{"count":2,"href":"https:\/\/pdt-rj.org.br\/index.php\/wp-json\/wp\/v2\/posts\/52736\/revisions"}],"predecessor-version":[{"id":52792,"href":"https:\/\/pdt-rj.org.br\/index.php\/wp-json\/wp\/v2\/posts\/52736\/revisions\/52792"}],"wp:featuredmedia":[{"embeddable":true,"href":"https:\/\/pdt-rj.org.br\/index.php\/wp-json\/wp\/v2\/media\/52737"}],"wp:attachment":[{"href":"https:\/\/pdt-rj.org.br\/index.php\/wp-json\/wp\/v2\/media?parent=52736"}],"wp:term":[{"taxonomy":"category","embeddable":true,"href":"https:\/\/pdt-rj.org.br\/index.php\/wp-json\/wp\/v2\/categories?post=52736"},{"taxonomy":"post_tag","embeddable":true,"href":"https:\/\/pdt-rj.org.br\/index.php\/wp-json\/wp\/v2\/tags?post=52736"}],"curies":[{"name":"wp","href":"https:\/\/api.w.org\/{rel}","templated":true}]}}