{"id":52710,"date":"2017-02-02T12:29:39","date_gmt":"2017-02-02T14:29:39","guid":{"rendered":"http:\/\/pdt-rj.org.br\/?p=52710"},"modified":"2017-10-26T09:07:20","modified_gmt":"2017-10-26T11:07:20","slug":"pdt-enaltece-dona-marisa-leticia-primeira-dama-do-brasil","status":"publish","type":"post","link":"https:\/\/pdt-rj.org.br\/index.php\/pdt-enaltece-dona-marisa-leticia-primeira-dama-do-brasil\/","title":{"rendered":"PDT enaltece Dona Marisa Let\u00edcia, Primeira Dama do Brasil"},"content":{"rendered":"<p>Diante da confirma\u00e7\u00e3o da morte da Primeira Dama, Dona Marisa Let\u00edcia, o presidente nacional do PDT, Carlos Lupi, redigiu a seguinte nota em nome do partido:<\/p>\n<p>&#8220;R<em>ecebi com enorme pesar a not\u00edcia da passsagem da nossa querida companheira Dona Marisa Let\u00edcia, ex-primeira dama da Rep\u00fablica.<\/em><\/p>\n<p><em>De origem pobre, assim como grande parte das mulheres brasileiras, Dona Marisa participou de todos os grandes movimentos em prol da democracia nos ultimos 40 anos, abrindo m\u00e3o inclusive da sua vida privada, para, ao lado de Lula, iniciar o processo de liberta\u00e7\u00e3o do povo mais humilde que sempre foi esquecido pela elite brasileira.<\/em><\/p>\n<p><em>\u00c0 fam\u00edlia, toda solidariedade em nome do PDT, que participou ativamente de todas essas transforma\u00e7\u00f5es ao longo dos \u00faltimos 14 anos e lutou, lado a lado, contra o golpe que vitimou a companheira Dilma Roussef em 2016.<\/em><\/p>\n<p><em><img loading=\"lazy\" decoding=\"async\" class=\"alignleft size-medium wp-image-52714\" src=\"http:\/\/pdt-rj.org.br\/wp-content\/uploads\/2017\/02\/EXPRESLULA1SIRIO7-300x210.jpg\" alt=\"\" width=\"300\" height=\"210\" srcset=\"https:\/\/pdt-rj.org.br\/wp-content\/uploads\/2017\/02\/EXPRESLULA1SIRIO7-300x210.jpg 300w, https:\/\/pdt-rj.org.br\/wp-content\/uploads\/2017\/02\/EXPRESLULA1SIRIO7-100x70.jpg 100w, https:\/\/pdt-rj.org.br\/wp-content\/uploads\/2017\/02\/EXPRESLULA1SIRIO7-768x537.jpg 768w, https:\/\/pdt-rj.org.br\/wp-content\/uploads\/2017\/02\/EXPRESLULA1SIRIO7.jpg 1024w, https:\/\/pdt-rj.org.br\/wp-content\/uploads\/2017\/02\/EXPRESLULA1SIRIO7-129x90.jpg 129w, https:\/\/pdt-rj.org.br\/wp-content\/uploads\/2017\/02\/EXPRESLULA1SIRIO7-320x224.jpg 320w\" sizes=\"auto, (max-width: 300px) 100vw, 300px\" \/>O nome de Dona Marisa est\u00e1 gravado na recente hist\u00f3ria pol\u00edtica do Brasil. Sua fibra e sua garra, seu amor ao pa\u00eds e sua m\u00e3o estendida a cada brasileiro, \u00e9 a maior prova de que, mesmo atacada pela intoler\u00e2ncia e pelo preconceito de uma elite mesquinha e machista, desempenhou com honradez o papel que o povo escolheu para ela: a Primeira Dama da na\u00e7\u00e3o.<\/em><\/p>\n<p style=\"text-align: center;\"><em>Sua luta \u00e9 a nossa luta, Dona Marisa. Descanse em paz.&#8221;<\/em><\/p>\n<p style=\"text-align: center;\"><em>Carlos Lupi \u00a0<\/em><\/p>\n<p style=\"text-align: center;\"><em>\u00a0 \u00a0 \u00a0 \u00a0 \u00a0 \u00a0 \u00a0 \u00a0 \u00a0 \u00a0 \u00a0 \u00a0 \u00a0 \u00a0 \u00a0 \u00a0 \u00a0 \u00a0 \u00a0 \u00a0 \u00a0 \u00a0 \u00a0 \u00a0 \u00a0 \u00a0 \u00a0 \u00a0 \u00a0 \u00a0 \u00a0 \u00a0 \u00a0 \u00a0 \u00a0 \u00a0 \u00a0 \u00a0 \u00a0 \u00a0 \u00a0 \u00a0 \u00a0 \u00a0 \u00a0Presidente Nacional do PDT<\/em><\/p>\n<p>&nbsp;<\/p>\n<p><a href=\"http:\/\/www.pt.org.br\/dona-marisa\/\"><em><strong>Veja a trajet\u00f3ria de Dona Marisa<\/strong><\/em><\/a><\/p>\n<p>&nbsp;<\/p>\n<p>&nbsp;<\/p>\n<p>&nbsp;<\/p>\n<p>&nbsp;<\/p>\n<p>&nbsp;<\/p>\n<!-- AddThis Advanced Settings generic via filter on the_content --><!-- AddThis Share Buttons generic via filter on the_content -->","protected":false},"excerpt":{"rendered":"<p>Diante da confirma\u00e7\u00e3o da morte da Primeira Dama, Dona Marisa Let\u00edcia, o presidente nacional do PDT, Carlos Lupi, redigiu a seguinte nota em nome do partido: &#8220;Recebi com enorme pesar a not\u00edcia da passsagem da nossa querida companheira Dona Marisa Let\u00edcia, ex-primeira dama da Rep\u00fablica. De origem pobre, assim como grande parte das mulheres brasileiras,&#8230;<!-- AddThis Advanced Settings generic via filter on wp_trim_excerpt --><!-- AddThis Share Buttons generic via filter on wp_trim_excerpt --><\/p>\n","protected":false},"author":17,"featured_media":52711,"comment_status":"closed","ping_status":"closed","sticky":false,"template":"","format":"standard","meta":{"_monsterinsights_skip_tracking":false,"_monsterinsights_sitenote_active":false,"_monsterinsights_sitenote_note":"","_monsterinsights_sitenote_category":0,"_uf_show_specific_survey":0,"_uf_disable_surveys":false,"footnotes":""},"categories":[976],"tags":[1981,581,38],"class_list":["post-52710","post","type-post","status-publish","format-standard","has-post-thumbnail","hentry","category-noticias-em-destaque","tag-dona-marisa-leticia","tag-lula","tag-pdt"],"acf":[],"_links":{"self":[{"href":"https:\/\/pdt-rj.org.br\/index.php\/wp-json\/wp\/v2\/posts\/52710","targetHints":{"allow":["GET"]}}],"collection":[{"href":"https:\/\/pdt-rj.org.br\/index.php\/wp-json\/wp\/v2\/posts"}],"about":[{"href":"https:\/\/pdt-rj.org.br\/index.php\/wp-json\/wp\/v2\/types\/post"}],"author":[{"embeddable":true,"href":"https:\/\/pdt-rj.org.br\/index.php\/wp-json\/wp\/v2\/users\/17"}],"replies":[{"embeddable":true,"href":"https:\/\/pdt-rj.org.br\/index.php\/wp-json\/wp\/v2\/comments?post=52710"}],"version-history":[{"count":13,"href":"https:\/\/pdt-rj.org.br\/index.php\/wp-json\/wp\/v2\/posts\/52710\/revisions"}],"predecessor-version":[{"id":52746,"href":"https:\/\/pdt-rj.org.br\/index.php\/wp-json\/wp\/v2\/posts\/52710\/revisions\/52746"}],"wp:featuredmedia":[{"embeddable":true,"href":"https:\/\/pdt-rj.org.br\/index.php\/wp-json\/wp\/v2\/media\/52711"}],"wp:attachment":[{"href":"https:\/\/pdt-rj.org.br\/index.php\/wp-json\/wp\/v2\/media?parent=52710"}],"wp:term":[{"taxonomy":"category","embeddable":true,"href":"https:\/\/pdt-rj.org.br\/index.php\/wp-json\/wp\/v2\/categories?post=52710"},{"taxonomy":"post_tag","embeddable":true,"href":"https:\/\/pdt-rj.org.br\/index.php\/wp-json\/wp\/v2\/tags?post=52710"}],"curies":[{"name":"wp","href":"https:\/\/api.w.org\/{rel}","templated":true}]}}