{"id":52695,"date":"2017-02-01T12:10:05","date_gmt":"2017-02-01T14:10:05","guid":{"rendered":"http:\/\/pdt-rj.org.br\/?p=52695"},"modified":"2017-02-02T16:19:16","modified_gmt":"2017-02-02T18:19:16","slug":"rede-se-junta-ao-pt-e-fecha-apoio-a-andre-na-corrida-a-presidencia-da-camara","status":"publish","type":"post","link":"https:\/\/pdt-rj.org.br\/index.php\/rede-se-junta-ao-pt-e-fecha-apoio-a-andre-na-corrida-a-presidencia-da-camara\/","title":{"rendered":"Andr\u00e9 Figuereido registra candidatura com apoio do PT e da Rede"},"content":{"rendered":"<p>&#8220;Fechamos com aquele que tem reais condi\u00e7\u00f5es de ir ao segundo turno e sempre manteve uma atua\u00e7\u00e3o coerente a favor do povo brasileiro. Sabemos que ser\u00e1 um parceiro nosso para barrar os ataques que est\u00e3o por vir contra os trabalhadores&#8221;, com essas palavras o l\u00edder da Rede, Alessandro Molon (REDE-RJ), definiu nesta quarta-feira (01) o apoio da sigla \u00e0 candidatura de Andr\u00e9 Figueiredo (PDT- CE) para a Presid\u00eancia da C\u00e2mara dos Deputados, que j\u00e1 conta com o apoio da bancada do Partido dos Trabalhadores.<\/p>\n<p>Molon, Aliel Machado (REDE-PR), o l\u00edder do PT, Carlos Zarattini (PT-SP), Patrus Ananias (PT-MG), o l\u00edder do PDT, Weverton Rocha (PDT-MA), e os companheiros de bancada Le\u00f4nidas Cristino (PDT-CE) e Afonso Motta (PDT-RS) acompanharam o registro da candidatura de, Andr\u00e9 demonstrando a uni\u00e3o que era o desejo da milit\u00e2ncia dos partidos que t\u00eam se manifestado dessa forma nas ruas e nas redes sociais.<\/p>\n<p>&#8220;Para n\u00f3s tem um simbolismo muito forte. PDT, PT e REDE s\u00e3o alternativas para o Brasil que se consolidam tamb\u00e9m como uma alternativa no Parlamento brasileiro para resgatar a altivez e o protagonismo do Poder Legislativo na defini\u00e7\u00e3o de sua pr\u00f3pria pauta&#8221;, afirmou Andr\u00e9 Figueiredo.<\/p>\n<p>O PT fechou quest\u00e3o em torno da candidatura do pedetista nessa ter\u00e7a (31), decis\u00e3o que abriu espa\u00e7o para que partidos progressistas e de centro-esquerda passassem \u00a0a apoiar Figueiredo. Elei\u00e7\u00e3o \u00e9 nesta quinta (02\/02) e prev\u00ea at\u00e9 dois turnos.<\/p>\n<p>O PDT atualmente tem 21 deputados, o PT 58 e a Rede quatro. Caso os demais partidos confirmem apoio a Andr\u00e9, \u00a0PSOL e PCdoB, o pedetista pode, no primeiro turno, chegar a 101 votos.<\/p>\n<p><a href=\"http:\/\/pdt-rj.org.br\/index.php\/andre-figueiredo-apresenta-2o-mandado-de-seguranca-contra-maia-no-stf\/\">Nessa segunda (30), Andr\u00e9 j\u00e1 havia dado entrada no STF em um documento onde pedia que a candidatura de Rodrigo Maia fosse barrada, baseado no Regimento Interno da Casa.\u00a0<\/a><\/p>\n<!-- AddThis Advanced Settings generic via filter on the_content --><!-- AddThis Share Buttons generic via filter on the_content -->","protected":false},"excerpt":{"rendered":"<p>&#8220;Fechamos com aquele que tem reais condi\u00e7\u00f5es de ir ao segundo turno e sempre manteve uma atua\u00e7\u00e3o coerente a favor do povo brasileiro. Sabemos que ser\u00e1 um parceiro nosso para barrar os ataques que est\u00e3o por vir contra os trabalhadores&#8221;, com essas palavras o l\u00edder da Rede, Alessandro Molon (REDE-RJ), definiu nesta quarta-feira (01) o&#8230;<!-- AddThis Advanced Settings generic via filter on wp_trim_excerpt --><!-- AddThis Share Buttons generic via filter on wp_trim_excerpt --><\/p>\n","protected":false},"author":17,"featured_media":52706,"comment_status":"closed","ping_status":"closed","sticky":false,"template":"","format":"standard","meta":{"_monsterinsights_skip_tracking":false,"_monsterinsights_sitenote_active":false,"_monsterinsights_sitenote_note":"","_monsterinsights_sitenote_category":0,"_uf_show_specific_survey":0,"_uf_disable_surveys":false,"footnotes":""},"categories":[1459],"tags":[34,1977,38,1816],"class_list":["post-52695","post","type-post","status-publish","format-standard","has-post-thumbnail","hentry","category-congresso","tag-andre-figueiredo","tag-bloco-de-apoio","tag-pdt","tag-presidencia-da-camara"],"acf":[],"_links":{"self":[{"href":"https:\/\/pdt-rj.org.br\/index.php\/wp-json\/wp\/v2\/posts\/52695","targetHints":{"allow":["GET"]}}],"collection":[{"href":"https:\/\/pdt-rj.org.br\/index.php\/wp-json\/wp\/v2\/posts"}],"about":[{"href":"https:\/\/pdt-rj.org.br\/index.php\/wp-json\/wp\/v2\/types\/post"}],"author":[{"embeddable":true,"href":"https:\/\/pdt-rj.org.br\/index.php\/wp-json\/wp\/v2\/users\/17"}],"replies":[{"embeddable":true,"href":"https:\/\/pdt-rj.org.br\/index.php\/wp-json\/wp\/v2\/comments?post=52695"}],"version-history":[{"count":7,"href":"https:\/\/pdt-rj.org.br\/index.php\/wp-json\/wp\/v2\/posts\/52695\/revisions"}],"predecessor-version":[{"id":52709,"href":"https:\/\/pdt-rj.org.br\/index.php\/wp-json\/wp\/v2\/posts\/52695\/revisions\/52709"}],"wp:featuredmedia":[{"embeddable":true,"href":"https:\/\/pdt-rj.org.br\/index.php\/wp-json\/wp\/v2\/media\/52706"}],"wp:attachment":[{"href":"https:\/\/pdt-rj.org.br\/index.php\/wp-json\/wp\/v2\/media?parent=52695"}],"wp:term":[{"taxonomy":"category","embeddable":true,"href":"https:\/\/pdt-rj.org.br\/index.php\/wp-json\/wp\/v2\/categories?post=52695"},{"taxonomy":"post_tag","embeddable":true,"href":"https:\/\/pdt-rj.org.br\/index.php\/wp-json\/wp\/v2\/tags?post=52695"}],"curies":[{"name":"wp","href":"https:\/\/api.w.org\/{rel}","templated":true}]}}