{"id":52676,"date":"2017-01-31T18:49:22","date_gmt":"2017-01-31T20:49:22","guid":{"rendered":"http:\/\/pdt-rj.org.br\/?p=52676"},"modified":"2017-02-02T16:20:45","modified_gmt":"2017-02-02T18:20:45","slug":"andre-figueiredo-recebe-apoio-da-bancada-do-pt-na-corrida-a-camara","status":"publish","type":"post","link":"https:\/\/pdt-rj.org.br\/index.php\/andre-figueiredo-recebe-apoio-da-bancada-do-pt-na-corrida-a-camara\/","title":{"rendered":"Andr\u00e9 Figueiredo recebe apoio do PT na corrida \u00e0 Presid\u00eancia da C\u00e2mara"},"content":{"rendered":"<p>O Partido dos Trabalhadores, segunda maior bancada na C\u00e2mara dos Deputados fechou quest\u00e3o em torno da candidatura de Andr\u00e9 Figueiredo \u00e0 Presid\u00eancia da C\u00e2mara dos Deputados. O an\u00fancio foi feito ap\u00f3s reuni\u00e3o da bancada, em Bras\u00edlia.<\/p>\n<p>Durante o an\u00fancio do PT, \u00a0Andr\u00e9 \u00a0agradeceu o apoio e reafirmou o compromisso da unifica\u00e7\u00e3o das for\u00e7as progressistas, principalmente no parlamento brasileiro.<\/p>\n<p>\u201cA hora \u00e9 de dar um basta. O parlamento brasileiro vem sofrendo um ataque direto das for\u00e7as reacion\u00e1rias e deixando de discutir assuntos que mexem com a vida de milh\u00f5es de brasileiros, como o caso da PEC da Aposentadoria\u201d, afirmou.<\/p>\n<p>Com o embarque do PT na campanha de Andr\u00e9, o parlamentar acredita que haver\u00e1, naturalmente, um movimento dos partidos progressitas e de centro-esquerda \u00e0 sua candidatura.<\/p>\n<p>\u201cDesta forma, estar\u00edamos abrindo uma grande vantagem de chegar ao segundo turno do pleito Ser\u00e1 uma luta grandiosa, porque agora todos sabem quem est\u00e1 do lado de quem, principalmente a popula\u00e7\u00e3o brasileira, que vem sendo atacada por fantasmas de retiradas de diretos adquiridos\u201d, afirmou.<\/p>\n<p>Ao final do discurso, Andr\u00e9 disse que 2017 ser\u00e1 um ano de reconstru\u00e7\u00e3o do Parlamento Brasileiro.<\/p>\n<p>\u201cN\u00e3o vamos abrir m\u00e3o do pa\u00eds que come\u00e7amos a construir nos \u00faltimos 14 anos, dos avan\u00e7os sociais e da expans\u00e3o dos direitos dos mais pobre, que, neste momento, est\u00e3o sendo destru\u00eddos por um governo golpista que n\u00e3o tem legitimidade\u201d, finalizou.<\/p>\n<p>O PT hoje tem a segunda maior bancada na C\u00e2mara, com 58 deputados. O PDT atualmente tem 21 deputados e, caso os demais partidos confirmem apoio a Andr\u00e9, como Rede, PSOL e PCdoB, o pedetista pode, no primeiro turno, chegar a 101 votos.<\/p>\n<p><em><strong><a href=\"http:\/\/pdt-rj.org.br\/index.php\/andre-figueiredo-apresenta-2o-mandado-de-seguranca-contra-maia-no-stf\/\">Nessa segunda (30), Andr\u00e9 j\u00e1 havia dado entrada no STF em um documento onde pedia que a candidatura de Rodrigo Maia fosse barrada, baseado no Regimento Interno da Casa.\u00a0<\/a><\/strong><\/em><\/p>\n<p><a href=\"http:\/\/agenciabrasil.ebc.com.br\/politica\/noticia\/2017-01\/entenda-como-funciona-eleicao-da-mesa-diretora-da-camara-dos-deputados\"><em><strong>Entenda como funciona a disputa pela Mesa Diretora da C\u00e2mara.<\/strong><\/em><\/a><\/p>\n<!-- AddThis Advanced Settings generic via filter on the_content --><!-- AddThis Share Buttons generic via filter on the_content -->","protected":false},"excerpt":{"rendered":"<p>O Partido dos Trabalhadores, segunda maior bancada na C\u00e2mara dos Deputados fechou quest\u00e3o em torno da candidatura de Andr\u00e9 Figueiredo \u00e0 Presid\u00eancia da C\u00e2mara dos Deputados. O an\u00fancio foi feito ap\u00f3s reuni\u00e3o da bancada, em Bras\u00edlia. Durante o an\u00fancio do PT, \u00a0Andr\u00e9 \u00a0agradeceu o apoio e reafirmou o compromisso da unifica\u00e7\u00e3o das for\u00e7as progressistas, principalmente&#8230;<!-- AddThis Advanced Settings generic via filter on wp_trim_excerpt --><!-- AddThis Share Buttons generic via filter on wp_trim_excerpt --><\/p>\n","protected":false},"author":17,"featured_media":52677,"comment_status":"closed","ping_status":"closed","sticky":false,"template":"","format":"standard","meta":{"_monsterinsights_skip_tracking":false,"_monsterinsights_sitenote_active":false,"_monsterinsights_sitenote_note":"","_monsterinsights_sitenote_category":0,"_uf_show_specific_survey":0,"_uf_disable_surveys":false,"footnotes":""},"categories":[1459],"tags":[34,123,1973,38,1821,805],"class_list":["post-52676","post","type-post","status-publish","format-standard","has-post-thumbnail","hentry","category-congresso","tag-andre-figueiredo","tag-apoio","tag-forcas-reacionarias","tag-pdt","tag-presidencia-da-camara-dos-deputados","tag-reconstrucao"],"acf":[],"_links":{"self":[{"href":"https:\/\/pdt-rj.org.br\/index.php\/wp-json\/wp\/v2\/posts\/52676","targetHints":{"allow":["GET"]}}],"collection":[{"href":"https:\/\/pdt-rj.org.br\/index.php\/wp-json\/wp\/v2\/posts"}],"about":[{"href":"https:\/\/pdt-rj.org.br\/index.php\/wp-json\/wp\/v2\/types\/post"}],"author":[{"embeddable":true,"href":"https:\/\/pdt-rj.org.br\/index.php\/wp-json\/wp\/v2\/users\/17"}],"replies":[{"embeddable":true,"href":"https:\/\/pdt-rj.org.br\/index.php\/wp-json\/wp\/v2\/comments?post=52676"}],"version-history":[{"count":9,"href":"https:\/\/pdt-rj.org.br\/index.php\/wp-json\/wp\/v2\/posts\/52676\/revisions"}],"predecessor-version":[{"id":52700,"href":"https:\/\/pdt-rj.org.br\/index.php\/wp-json\/wp\/v2\/posts\/52676\/revisions\/52700"}],"wp:featuredmedia":[{"embeddable":true,"href":"https:\/\/pdt-rj.org.br\/index.php\/wp-json\/wp\/v2\/media\/52677"}],"wp:attachment":[{"href":"https:\/\/pdt-rj.org.br\/index.php\/wp-json\/wp\/v2\/media?parent=52676"}],"wp:term":[{"taxonomy":"category","embeddable":true,"href":"https:\/\/pdt-rj.org.br\/index.php\/wp-json\/wp\/v2\/categories?post=52676"},{"taxonomy":"post_tag","embeddable":true,"href":"https:\/\/pdt-rj.org.br\/index.php\/wp-json\/wp\/v2\/tags?post=52676"}],"curies":[{"name":"wp","href":"https:\/\/api.w.org\/{rel}","templated":true}]}}