{"id":52629,"date":"2017-01-30T17:15:03","date_gmt":"2017-01-30T19:15:03","guid":{"rendered":"http:\/\/pdt-rj.org.br\/?p=52629"},"modified":"2017-02-10T18:31:49","modified_gmt":"2017-02-10T20:31:49","slug":"amt-rn-debate-empoderamento-feminino-no-i-congresso-estadual","status":"publish","type":"post","link":"https:\/\/pdt-rj.org.br\/index.php\/amt-rn-debate-empoderamento-feminino-no-i-congresso-estadual\/","title":{"rendered":"AMT-RN debate empoderamento feminino no I Congresso Estadual"},"content":{"rendered":"<p>As integrantes da A\u00e7\u00e3o da Mulher Trabalhista do PDT do Rio Grande do Norte (AMT-RN) encerraram o m\u00eas de janeiro discutindo a igualdade e a plenitude de seus direitos durante o I Congresso Estadual do movimento. Com o tema \u201cConquistando Espa\u00e7o, Conquistamos a Igualdade\u201d, o encontro, realizado no \u00faltimo s\u00e1bado (28) na sede do Diret\u00f3rio Estadual do PDT, possibilitou a capacita\u00e7\u00e3o da milit\u00e2ncia, a realiza\u00e7\u00e3o de novas filia\u00e7\u00f5es e a posse da nova Executiva Estadual, eleita por aclama\u00e7\u00e3o para o bi\u00eanio 2017-2019.<\/p>\n<p>Na oportunidade, a coordenadora Regional e vice-presidente Nacional da AMT, S\u00edrley Soalheiro, proferiu uma palestra sobre do Congresso e ministrou uma capacita\u00e7\u00e3o para as militantes. A primeira-dama de Natal, Andr\u00e9a Ramalho Alves, foi reconduzida ao cargo de presidente estadual da AMT-RN.<\/p>\n<p>Ao abrir o encontro, a primeira-dama potiguar falou sobre o objetivo do evento: o defender a igualdade de direitos por meio de uma ocupa\u00e7\u00e3o mais justa e equilibrada dos espa\u00e7os na pol\u00edtica e nas diversas \u00e1reas da sociedade.<\/p>\n<p>\u201cO tema escolhido para esse Congresso nos remete ao desafio de pensarmos qual o lugar que ocupamos na sociedade e que papel desempenhamos nela, de forma a buscarmos os nossos direitos em sua plenitude e construirmos essa sociedade de iguais que tanto queremos\u201d, refletiu a primeira-dama.<\/p>\n<p>S\u00edrley Soalheiro, por sua vez, enalteceu a conscientiza\u00e7\u00e3o dos direitos das mulheres, a sua participa\u00e7\u00e3o na pol\u00edtica partid\u00e1ria e a ocupa\u00e7\u00e3o mais igualit\u00e1ria nos cargos p\u00fablicos em todas as esferas de poder. Ela tamb\u00e9m defendeu a amplia\u00e7\u00e3o e fortalecimento da AMT potiguar por meio de um importante instrumento que o PDT disp\u00f5e: a Funda\u00e7\u00e3o Leonel Brizola \u2013 Alberto Pasqualini (FLB-AP), da qual fazem parte a Universidade Leonel Brizola (ULB) e a R\u00e1dio Legalidade.<\/p>\n<p>\u201cTodas que aqui est\u00e3o buscam um objetivo comum: direitos iguais. Nos reunimos hoje para nos capacitar, aprofundar o debate e elevar nossos argumentos que devemos por em pr\u00e1tica na luta por essa igualdade. Urge a nossa presen\u00e7a mais numerosa nos munic\u00edpios e estados, com representa\u00e7\u00e3o mais equilibrada seja no parlamento, seja nos cargos do executivo. Para isso precisamos cada vez mais buscar forma\u00e7\u00e3o pol\u00edtica para que nossa presen\u00e7a seja respeitada e nossa milit\u00e2ncia qualificada\u201d, proferiu S\u00edrley, sob muitos aplausos da plateia.<\/p>\n<p>J\u00e1 a vice-presidente estadual da AMT-RN, Gil Alves, tamb\u00e9m fez o chamamento \u00e0s mulheres para n\u00e3o deixarem de lutar por seus espa\u00e7os e mostrou a import\u00e2ncia de ocup\u00e1-los de forma qualificada. \u201cN\u00e3o queremos contenda, n\u00e3o queremos competir. N\u00e3o somos melhores nem inferiores a ningu\u00e9m. Queremos ser vistas e respeitadas como iguais, em compet\u00eancia e capacidade, por isso precisamos ocupar os nossos espa\u00e7os de fato e de direito\u201d.<\/p>\n<p>Ao final de sua fala, Gil declamou o poema \u201cMeu nome \u00e9 mulher\u201d, de autoria desconhecida, que reflete o crescimento da mulher e sua trajet\u00f3ria de lutas e conquistas travadas ao longo dos anos.<\/p>\n<p>A secret\u00e1ria de Forma\u00e7\u00e3o Pol\u00edtica da AMT do RN, Aparecida Fran\u00e7a, tamb\u00e9m registrou a import\u00e2ncia da conscientiza\u00e7\u00e3o feminina sobre uma presen\u00e7a mais equ\u00e2nime nos espa\u00e7os de poder.<\/p>\n<p>\u201cFomos construindo a partir de Leonel Brizola a cultura de uma sociedade mais justa, do trabalho igual, uma sociedade de acesso, que vislumbra eliminar as desigualdades sociais e econ\u00f4micas e que preserva e respeita as diferen\u00e7as. Que as mulheres negras, pobres, LGBTs, das diversas correntes religiosas, possam ter o mesmo espa\u00e7o de igualdade de oportunidades que as demais\u201d, defendeu Aparecida.<\/p>\n<p>De acordo com o movimento, o I Congresso Estadual da AMT foi um terreno f\u00e9rtil para reflex\u00f5es, provoca\u00e7\u00f5es e sugest\u00f5es que estabeleceram encaminhamentos que subsidiar\u00e3o o aprimoramento do plano de a\u00e7\u00e3o a ser implementado pelo Movimento nos pr\u00f3ximos anos. O texto final produzido no encontro ser\u00e1 levado ao Congresso Nacional da AMT, que acontecer\u00e1 em mar\u00e7o deste ano, com local ainda a ser definido.<\/p>\n<!-- AddThis Advanced Settings generic via filter on the_content --><!-- AddThis Share Buttons generic via filter on the_content -->","protected":false},"excerpt":{"rendered":"<p>As integrantes da A\u00e7\u00e3o da Mulher Trabalhista do PDT do Rio Grande do Norte (AMT-RN) encerraram o m\u00eas de janeiro discutindo a igualdade e a plenitude de seus direitos durante o I Congresso Estadual do movimento. Com o tema \u201cConquistando Espa\u00e7o, Conquistamos a Igualdade\u201d, o encontro, realizado no \u00faltimo s\u00e1bado (28) na sede do Diret\u00f3rio&#8230;<!-- AddThis Advanced Settings generic via filter on wp_trim_excerpt --><!-- AddThis Share Buttons generic via filter on wp_trim_excerpt --><\/p>\n","protected":false},"author":17,"featured_media":52630,"comment_status":"closed","ping_status":"closed","sticky":false,"template":"","format":"standard","meta":{"_monsterinsights_skip_tracking":false,"_monsterinsights_sitenote_active":false,"_monsterinsights_sitenote_note":"","_monsterinsights_sitenote_category":0,"_uf_show_specific_survey":0,"_uf_disable_surveys":false,"footnotes":""},"categories":[1390],"tags":[87,111,112,1034,1967,38,883],"class_list":["post-52629","post","type-post","status-publish","format-standard","has-post-thumbnail","hentry","category-editorias","tag-acao-da-mulher-trabalhista","tag-amt","tag-amt-rn","tag-gil-alves","tag-i-congresso-estadual-da-amt","tag-pdt","tag-sirley-soalheiro"],"acf":[],"_links":{"self":[{"href":"https:\/\/pdt-rj.org.br\/index.php\/wp-json\/wp\/v2\/posts\/52629","targetHints":{"allow":["GET"]}}],"collection":[{"href":"https:\/\/pdt-rj.org.br\/index.php\/wp-json\/wp\/v2\/posts"}],"about":[{"href":"https:\/\/pdt-rj.org.br\/index.php\/wp-json\/wp\/v2\/types\/post"}],"author":[{"embeddable":true,"href":"https:\/\/pdt-rj.org.br\/index.php\/wp-json\/wp\/v2\/users\/17"}],"replies":[{"embeddable":true,"href":"https:\/\/pdt-rj.org.br\/index.php\/wp-json\/wp\/v2\/comments?post=52629"}],"version-history":[{"count":5,"href":"https:\/\/pdt-rj.org.br\/index.php\/wp-json\/wp\/v2\/posts\/52629\/revisions"}],"predecessor-version":[{"id":52797,"href":"https:\/\/pdt-rj.org.br\/index.php\/wp-json\/wp\/v2\/posts\/52629\/revisions\/52797"}],"wp:featuredmedia":[{"embeddable":true,"href":"https:\/\/pdt-rj.org.br\/index.php\/wp-json\/wp\/v2\/media\/52630"}],"wp:attachment":[{"href":"https:\/\/pdt-rj.org.br\/index.php\/wp-json\/wp\/v2\/media?parent=52629"}],"wp:term":[{"taxonomy":"category","embeddable":true,"href":"https:\/\/pdt-rj.org.br\/index.php\/wp-json\/wp\/v2\/categories?post=52629"},{"taxonomy":"post_tag","embeddable":true,"href":"https:\/\/pdt-rj.org.br\/index.php\/wp-json\/wp\/v2\/tags?post=52629"}],"curies":[{"name":"wp","href":"https:\/\/api.w.org\/{rel}","templated":true}]}}