{"id":52621,"date":"2017-01-27T18:51:19","date_gmt":"2017-01-27T20:51:19","guid":{"rendered":"http:\/\/pdt-rj.org.br\/?p=52621"},"modified":"2017-02-10T18:16:18","modified_gmt":"2017-02-10T20:16:18","slug":"pdt-na-camara-atua-no-combate-a-violencia-contra-a-mulher","status":"publish","type":"post","link":"https:\/\/pdt-rj.org.br\/index.php\/pdt-na-camara-atua-no-combate-a-violencia-contra-a-mulher\/","title":{"rendered":"PDT na C\u00e2mara atua no combate \u00e0 viol\u00eancia contra a mulher"},"content":{"rendered":"<p><span style=\"font-weight: 400;\">Dez anos ap\u00f3s a Lei Maria Penha (Lei 11.340\/06) entrar em vigor, o \u00edndice de den\u00fancias de viol\u00eancia contra a mulher ainda exige pol\u00edticas p\u00fablicas que combatam o problema de forma eficaz. De acordo com a Secretaria de Pol\u00edticas para as Mulheres, do Minist\u00e9rio da Justi\u00e7a, s\u00f3 em 2015, foram registrados mais de 60 mil casos, dos quais 49,82% correspondem\u00a0\u00e0 viol\u00eancia f\u00edsica.<\/span><\/p>\n<p>Na C\u00e2mara dos Deputados, projetos de autoria da bancada do PDT est\u00e3o entre as iniciativas que visam diminuir essas estat\u00edsticas. Os textos em destaque s\u00e3o do l\u00edder do partido na Casa, Weverton Rocha (MA), do S\u00e9rgio Vidigal (ES), da Fl\u00e1via Morais (GO), e dos mineiros M\u00e1rio Heringer e Subtenente Gonzaga.<\/p>\n<p><span style=\"font-weight: 400;\">A pretens\u00e3o de Weverton Rocha \u00e9 agravar a pena para casos espec\u00edficos. O projeto de Lei\u00a0<\/span><a href=\"http:\/\/www.camara.gov.br\/proposicoesWeb\/fichadetramitacao?idProposicao=2078395\"><span style=\"font-weight: 400;\">4572\/16<\/span><\/a><span style=\"font-weight: 400;\">, de sua autoria, prev\u00ea penalidades maiores para quem cometer crimes contra pessoas menores de 14 anos e maiores de 60 anos, as que t\u00eam defici\u00eancia ou doen\u00e7as degenerativas, que acarretem condi\u00e7\u00e3o limitante ou de vulnerabilidade f\u00edsica e, ainda, quando for cometido na presen\u00e7a f\u00edsica ou virtual de descendente ou de ascendente da v\u00edtima.<\/span><\/p>\n<p><span style=\"font-weight: 400;\">Em concord\u00e2ncia com a vis\u00e3o do pedetista, em mar\u00e7o de 2015, o Plen\u00e1rio da C\u00e2mara aprovou o PL 3030\/15, que aumenta em um ter\u00e7o \u00e0 metade a pena do feminic\u00eddio, se o crime for praticado em descumprimento de medida protetiva de urg\u00eancia prevista na Lei Maria da Penha (Lei 11.340\/06). O texto aprovado pela Comiss\u00e3o de Constitui\u00e7\u00e3o e Justi\u00e7a, teve como base o referido projeto do deputado Weverton, e incorporou as mudan\u00e7as propostas pelo pedetista.<\/span><span style=\"font-weight: 400;\">\u00a0<\/span><\/p>\n<p><span style=\"font-weight: 400;\">Na mesma linha do texto do l\u00edder do PDT, est\u00e1 o PL <\/span><a href=\"http:\/\/www2.camara.gov.br\/proposicoesWeb\/fichadetramitacao?idProposicao=2083779\"><span style=\"font-weight: 400;\">5210<\/span><\/a><span style=\"font-weight: 400;\">\/16 do Subtenente Gonzaga que altera o Decreto de Lei 2.848\/1940, do C\u00f3digo Penal, ao transformar o crime contra a dignidade sexual em a\u00e7\u00e3o penal p\u00fablica incondicionada, se a v\u00edtima for menor de dezoito anos ou pessoa considerada vulner\u00e1vel.<\/span><span style=\"font-weight: 400;\">\u00a0<\/span><\/p>\n<p><span style=\"font-weight: 400;\">Tamb\u00e9m merece destaque o PL<\/span><span style=\"font-weight: 400;\">\u00a0<\/span><a href=\"http:\/\/www2.camara.gov.br\/proposicoesWeb\/fichadetramitacao?idProposicao=2088975\"><span style=\"font-weight: 400;\">5649<\/span><\/a><span style=\"font-weight: 400;\">\/16, do deputado M\u00e1rio Heringer, em an\u00e1lise na Comiss\u00e3o de Constitui\u00e7\u00e3o e Justi\u00e7a e de Cidadania. O texto do parlamentar mineiro\u00a0equipara a viola\u00e7\u00e3o sexual mediante fraude ao estupro, agravando a penalidade para esse crime, transformando-o em hediondo.<\/span><\/p>\n<p><strong>Prote\u00e7\u00e3o e seguran\u00e7a<\/strong><\/p>\n<p><span style=\"font-weight: 400;\">Outra medida recentemente aprovada pela C\u00e2mara e atualmente em an\u00e1lise no Senado Federal, \u00e9 o Projeto de Lei\u00a0<\/span><a href=\"http:\/\/www2.camara.gov.br\/proposicoesWeb\/fichadetramitacao?idProposicao=944302\"><span style=\"font-weight: 400;\">36<\/span><\/a><span style=\"font-weight: 400;\">\/15, de Sergio Vidigal. O texto do deputado capixaba permite ao delegado de pol\u00edcia, preferencialmente da delegacia de prote\u00e7\u00e3o \u00e0 mulher, aplicar at\u00e9 decis\u00e3o judicial,\u00a0medidas protetivas \u00e0 v\u00edtima e aos seus familiares nos crimes de viol\u00eancia dom\u00e9stica definidos na Lei Maria da Penha.<\/span><span style=\"font-weight: 400;\">\u00a0<\/span><\/p>\n<p><span style=\"font-weight: 400;\">Outra preocupa\u00e7\u00e3o de Vidigal \u00e9 com seguran\u00e7a das v\u00edtimas de viol\u00eancia dom\u00e9stica, que, para ele, precisam de abrigos seguros. Com esse intuito, ele apresentou o PL 44\/2015 que cria centros integrados para presta\u00e7\u00e3o de servi\u00e7os, com a assist\u00eancia integral, para facilitar o acesso dessas mulheres o servi\u00e7os especializados, como apoio psicossocial, delegacia, juizado, promotoria, n\u00facleos especializados da Defensoria P\u00fablica e espa\u00e7o de cuidado de crian\u00e7as e adolescente dentre outros e central de transportes, dentre outros.<\/span><\/p>\n<p><span style=\"font-weight: 400;\">Aprovada recentemente na forma de um substitutivo pela Comiss\u00e3o de Seguridade Social, a proposta de Vidigal tramita em car\u00e1ter conclusivo e ainda ser\u00e1 analisada pelas comiss\u00f5es de Defesa dos Direitos da Mulher, Finan\u00e7as e Tributa\u00e7\u00e3o e Constitui\u00e7\u00e3o e Justi\u00e7a e de Cidadania.<\/span><\/p>\n<p><span style=\"font-weight: 400;\">J\u00e1 a deputada Fl\u00e1via Morais (PDT-GO) quer instituir um Fundo Nacional para a Promo\u00e7\u00e3o dos Direitos da Mulher por meio do PL 7559\/14. A medida, atualmente na Comiss\u00e3o de Seguridade Social e Fam\u00edlia, autoriza que as doa\u00e7\u00f5es efetuadas aos Fundos Municipais, Estaduais e Nacional sejam deduzidas do imposto de renda.<\/span><\/p>\n<!-- AddThis Advanced Settings generic via filter on the_content --><!-- AddThis Share Buttons generic via filter on the_content -->","protected":false},"excerpt":{"rendered":"<p>Dez anos ap\u00f3s a Lei Maria Penha (Lei 11.340\/06) entrar em vigor, o \u00edndice de den\u00fancias de viol\u00eancia contra a mulher ainda exige pol\u00edticas p\u00fablicas que combatam o problema de forma eficaz. De acordo com a Secretaria de Pol\u00edticas para as Mulheres, do Minist\u00e9rio da Justi\u00e7a, s\u00f3 em 2015, foram registrados mais de 60 mil&#8230;<!-- AddThis Advanced Settings generic via filter on wp_trim_excerpt --><!-- AddThis Share Buttons generic via filter on wp_trim_excerpt --><\/p>\n","protected":false},"author":17,"featured_media":52622,"comment_status":"closed","ping_status":"closed","sticky":false,"template":"","format":"standard","meta":{"_monsterinsights_skip_tracking":false,"_monsterinsights_sitenote_active":false,"_monsterinsights_sitenote_note":"","_monsterinsights_sitenote_category":0,"_uf_show_specific_survey":0,"_uf_disable_surveys":false,"footnotes":""},"categories":[1390,1459],"tags":[1963,406,558,1175,1964,38,863,873,895,1259,962],"class_list":["post-52621","post","type-post","status-publish","format-standard","has-post-thumbnail","hentry","category-editorias","category-congresso","tag-feminicidio","tag-flavia-morais","tag-lei-maria-da-penha","tag-mario-heringer","tag-medida-protetiva-de-urgencia","tag-pdt","tag-seguranca","tag-sergio-vidigal","tag-subtenente-gonzaga","tag-violencia-contra-a-mulher","tag-weverton-rocha"],"acf":[],"_links":{"self":[{"href":"https:\/\/pdt-rj.org.br\/index.php\/wp-json\/wp\/v2\/posts\/52621","targetHints":{"allow":["GET"]}}],"collection":[{"href":"https:\/\/pdt-rj.org.br\/index.php\/wp-json\/wp\/v2\/posts"}],"about":[{"href":"https:\/\/pdt-rj.org.br\/index.php\/wp-json\/wp\/v2\/types\/post"}],"author":[{"embeddable":true,"href":"https:\/\/pdt-rj.org.br\/index.php\/wp-json\/wp\/v2\/users\/17"}],"replies":[{"embeddable":true,"href":"https:\/\/pdt-rj.org.br\/index.php\/wp-json\/wp\/v2\/comments?post=52621"}],"version-history":[{"count":5,"href":"https:\/\/pdt-rj.org.br\/index.php\/wp-json\/wp\/v2\/posts\/52621\/revisions"}],"predecessor-version":[{"id":52791,"href":"https:\/\/pdt-rj.org.br\/index.php\/wp-json\/wp\/v2\/posts\/52621\/revisions\/52791"}],"wp:featuredmedia":[{"embeddable":true,"href":"https:\/\/pdt-rj.org.br\/index.php\/wp-json\/wp\/v2\/media\/52622"}],"wp:attachment":[{"href":"https:\/\/pdt-rj.org.br\/index.php\/wp-json\/wp\/v2\/media?parent=52621"}],"wp:term":[{"taxonomy":"category","embeddable":true,"href":"https:\/\/pdt-rj.org.br\/index.php\/wp-json\/wp\/v2\/categories?post=52621"},{"taxonomy":"post_tag","embeddable":true,"href":"https:\/\/pdt-rj.org.br\/index.php\/wp-json\/wp\/v2\/tags?post=52621"}],"curies":[{"name":"wp","href":"https:\/\/api.w.org\/{rel}","templated":true}]}}