{"id":52510,"date":"2017-01-26T12:07:54","date_gmt":"2017-01-26T14:07:54","guid":{"rendered":"http:\/\/pdt-rj.org.br\/?p=52510"},"modified":"2017-02-10T18:35:29","modified_gmt":"2017-02-10T20:35:29","slug":"em-defesa-do-brasil","status":"publish","type":"post","link":"https:\/\/pdt-rj.org.br\/index.php\/em-defesa-do-brasil\/","title":{"rendered":"Em defesa do Brasil"},"content":{"rendered":"<p>Segunda-feira, 23 de janeiro, 10h, sede da ABIMAQ (Associa\u00e7\u00e3o Brasileira da Ind\u00fastria de M\u00e1quinas e Equipamentos), em S\u00e3o Paulo. Dezenas de representantes de entidades patronais e de trabalhadores est\u00e3o reunidos n\u00e3o para comemorar algum feito da engenharia brasileira, mas sim para denunciar, com tristeza, que o governo optou por uma pol\u00edtica antinacional que paralisa nosso desenvolvimento e escancara nosso mercado para as multinacionais. Plataformas, e at\u00e9 sider\u00fargicas, chegam inteiras, prontas para serem instaladas, sem gerar empregos no Brasil. Empresas brasileiras s\u00e3o afastadas de processos licitat\u00f3rios. \u201cSe essa determina\u00e7\u00e3o persistir n\u00e3o ser\u00e1 o come\u00e7o, mas o meio do fim, ou seja, um passo adiante na liquida\u00e7\u00e3o das grandes empresas brasileiras e da pr\u00f3pria engenharia nacional\u201d, afirmou com pesar Murilo Pinheiro, presidente da Federa\u00e7\u00e3o Nacional dos Engenheiros.<\/p>\n<p>Estou ali como deputado federal, Presidente da Frente Parlamentar Mista de Engenharia, Infraestrutura e Desenvolvimento Nacional, mas como engenheiro de forma\u00e7\u00e3o fico indignado como um setor que j\u00e1 deu exemplos para o mundo de capacidade t\u00e9cnica e inova\u00e7\u00e3o \u2013 caso da Ponte Rio-Niter\u00f3i, da qual participei da constru\u00e7\u00e3o \u2013 vem sendo desdenhado e relegado ao imobilismo, com tr\u00e1gicas consequ\u00eancias econ\u00f4micas, como desemprego (para cada engenheiro em atividade h\u00e1, no m\u00ednimo, 20 outros trabalhadores em sua volta), fal\u00eancias de empresas e retrocesso tecnol\u00f3gico. \u00c9 imperativo nos mobilizarmos para impedir essa pol\u00edtica entreguista, que nos faz lembrar do Brasil Col\u00f4nia, ou do s\u00e9culo passado quando er\u00e1mos apenas exportador de commodities. Assumi ali, um compromisso de ir at\u00e9 a vit\u00f3ria, e al\u00e9m dela, nessa luta.<\/p>\n<p>Causa esp\u00e9cie, uma certa indiferen\u00e7a da nossa imprensa para assuntos t\u00e3o graves como, por exemplo, o funcionamento das ZPEs (Zonas de Processamento de Exporta\u00e7\u00e3o), \u00e1reas de livre com\u00e9rcio com o exterior, destinadas \u00e0 instala\u00e7\u00e3o de empresas voltadas para a produ\u00e7\u00e3o de bens a serem comercializados fora. Segundo Cesar Prata, vice-presidente da ABIMAQ, no Cear\u00e1, no porto de Pec\u00e9m, uma empresa coreana instalou ali uma sider\u00fargica, que j\u00e1 chegou totalmente pronta. H\u00e1 empresas em atividade na vastid\u00e3o da Amaz\u00f4nia agindo sem levar em conta nenhum aspecto nacional. E pouco disso vem \u00e0 tona.<\/p>\n<p>No dia seguinte, recebi correspond\u00eancia de Murilo Pinheiro com agradecimentos e elogios a minha participa\u00e7\u00e3o nesse processo. \u201cTemos certeza de demos mais um grande passo na luta em defesa da retomada do desenvolvimento e da Engenharia Nacional. A parceria e presen\u00e7a marcante de V.Exa tem sido fundamental no movimento Engenharia Unida\u201d. \u00c9 lisonjeiro, mas n\u00e3o poderia agir de outra forma diante de tantas pessoas que confiaram e confiam no nosso trabalho. S\u00e3o essas pessoas que fazem o Brasil.<\/p>\n<p><em><strong>*Ronaldo Lessa \u00e9 engenheiro e deputado federal pelo PDT de Alagoas e \u00e9 presidente da Frente Parlamentar Mista de Engenharia, Infraestrutura e Desenvolvimento Nacional.<\/strong><\/em><\/p>\n<!-- AddThis Advanced Settings generic via filter on the_content --><!-- AddThis Share Buttons generic via filter on the_content -->","protected":false},"excerpt":{"rendered":"<p>Segunda-feira, 23 de janeiro, 10h, sede da ABIMAQ (Associa\u00e7\u00e3o Brasileira da Ind\u00fastria de M\u00e1quinas e Equipamentos), em S\u00e3o Paulo. Dezenas de representantes de entidades patronais e de trabalhadores est\u00e3o reunidos n\u00e3o para comemorar algum feito da engenharia brasileira, mas sim para denunciar, com tristeza, que o governo optou por uma pol\u00edtica antinacional que paralisa nosso&#8230;<!-- AddThis Advanced Settings generic via filter on wp_trim_excerpt --><!-- AddThis Share Buttons generic via filter on wp_trim_excerpt --><\/p>\n","protected":false},"author":17,"featured_media":52512,"comment_status":"closed","ping_status":"closed","sticky":false,"template":"","format":"standard","meta":{"_monsterinsights_skip_tracking":false,"_monsterinsights_sitenote_active":false,"_monsterinsights_sitenote_note":"","_monsterinsights_sitenote_category":0,"_uf_show_specific_survey":0,"_uf_disable_surveys":false,"footnotes":""},"categories":[1584,1390],"tags":[1958,1961,1955,1954,494,1956,1962,1960,841,1957,919,1959],"class_list":["post-52510","post","type-post","status-publish","format-standard","has-post-thumbnail","hentry","category-artigos","category-editorias","tag-abimaq","tag-areas-de-livre-comercio","tag-engenharia-brasileira","tag-entidades-patronais","tag-infraestrutura","tag-politica-antinacional","tag-ponte-rio-niteroi","tag-retrocesso-tecnologico","tag-ronaldo-lessa","tag-siderurgicas","tag-trabalhadores","tag-zonas-de-processamento-de-exportacao"],"acf":[],"_links":{"self":[{"href":"https:\/\/pdt-rj.org.br\/index.php\/wp-json\/wp\/v2\/posts\/52510","targetHints":{"allow":["GET"]}}],"collection":[{"href":"https:\/\/pdt-rj.org.br\/index.php\/wp-json\/wp\/v2\/posts"}],"about":[{"href":"https:\/\/pdt-rj.org.br\/index.php\/wp-json\/wp\/v2\/types\/post"}],"author":[{"embeddable":true,"href":"https:\/\/pdt-rj.org.br\/index.php\/wp-json\/wp\/v2\/users\/17"}],"replies":[{"embeddable":true,"href":"https:\/\/pdt-rj.org.br\/index.php\/wp-json\/wp\/v2\/comments?post=52510"}],"version-history":[{"count":6,"href":"https:\/\/pdt-rj.org.br\/index.php\/wp-json\/wp\/v2\/posts\/52510\/revisions"}],"predecessor-version":[{"id":52799,"href":"https:\/\/pdt-rj.org.br\/index.php\/wp-json\/wp\/v2\/posts\/52510\/revisions\/52799"}],"wp:featuredmedia":[{"embeddable":true,"href":"https:\/\/pdt-rj.org.br\/index.php\/wp-json\/wp\/v2\/media\/52512"}],"wp:attachment":[{"href":"https:\/\/pdt-rj.org.br\/index.php\/wp-json\/wp\/v2\/media?parent=52510"}],"wp:term":[{"taxonomy":"category","embeddable":true,"href":"https:\/\/pdt-rj.org.br\/index.php\/wp-json\/wp\/v2\/categories?post=52510"},{"taxonomy":"post_tag","embeddable":true,"href":"https:\/\/pdt-rj.org.br\/index.php\/wp-json\/wp\/v2\/tags?post=52510"}],"curies":[{"name":"wp","href":"https:\/\/api.w.org\/{rel}","templated":true}]}}