{"id":52500,"date":"2017-01-26T11:21:58","date_gmt":"2017-01-26T13:21:58","guid":{"rendered":"http:\/\/pdt-rj.org.br\/?p=52500"},"modified":"2017-02-15T11:28:04","modified_gmt":"2017-02-15T13:28:04","slug":"lupi-e-andre-figueiredo-em-ato-pela-democracia-e-diretos-trabalhlistas","status":"publish","type":"post","link":"https:\/\/pdt-rj.org.br\/index.php\/lupi-e-andre-figueiredo-em-ato-pela-democracia-e-diretos-trabalhlistas\/","title":{"rendered":"Lupi e Andr\u00e9 Figueiredo em ato pela democracia e diretos trabalhlistas"},"content":{"rendered":"<p>O presidente nacional do PDT, Carlos Lupi, acompanhado do deputado federal do PDT cearense, Andr\u00e9 Figueiredo, participaram na noite desta quarta-feira (25) do ato pol\u00edtico promovido pelo Movimento dos Trabalhadores Rurais Sem Terra (MST), em defesa da reforma agr\u00e1ria, dos diretos sociais e da democracia. O evento contou ainda com as presen\u00e7as da vice-governadora do Cear\u00e1, Isolda Cela de Arruda (PDT), dos senadores Lindbergh Farias (PT-RJ), Gleisi Hoffman (PT-PR) e Pimentel (PT-CE), dos deputados federais Jo\u00e3o Guimar\u00e3es (PT-CE), Jo\u00e3o Daniel (PT-SE) e Valmir Assun\u00e7\u00e3o (PT-BA), al\u00e9m de diversas autoridades estaduais e municipais, e representantes do movimento social, popular, sindical e estudantil.<\/p>\n<p>O deputado Andr\u00e9 Figueiredo, que disputa a presid\u00eancia da C\u00e2mara dos Deputados e tenta unificar os partidos de esquerda que se opuseram ao Golpe Parlamentar que afastou a presidente Dilma Rousseff, lembrou o papel hist\u00f3rico do MST na resist\u00eancia democr\u00e1tica e ressaltou que muito al\u00e9m da luta pela reforma agr\u00e1ria \u201cser\u00e1 preciso uma resist\u00eancia organizada e contundente para frear o pacote de maldades do Governo Temer contra os trabalhadores, embutidos na reforma trabalhista e na reforma previdenci\u00e1ria que, em breve, entram em discuss\u00e3o no Congresso Nacional\u201d.<\/p>\n<p>Para o presidente pedetista Carlos Lupi, o momento exige uma oposi\u00e7\u00e3o corajosa, como um dia fez Brizola, e \u201co MST tem papel determinante neste contexto, pois somente a luta no campo do parlamento, da institucionalidade, n\u00e3o ser\u00e1 suficiente para frear os ataques frontais contra os direitos trabalhistas, previdenci\u00e1rios e sociais orquestrados pelo Governo golpista de Michel Temer e seus aliados\u201d.<\/p>\n<p>O coordenador nacional do MST, Jo\u00e3o Pedro Stedile, ressaltou o papel hist\u00f3rico do PDT pela consolida\u00e7\u00e3o da democracia no Brasil, lembrando Leonel Brizola, e a atua\u00e7\u00e3o forte das principais lideran\u00e7as do partido, no passado mais recente, contra o Golpe parlamentar que cassou a presidente Dilma. \u201cO campo democr\u00e1tico, as esquerdas, precisam reunir esfor\u00e7os pra frear os avan\u00e7os que os golpistas fazem contra as conquistas sociais e os direitos dos trabalhadores. Essa luta passa pela reforma agr\u00e1ria, mas tamb\u00e9m se amplia na defesa dos interesses de todos os trabalhadores e seus direitos, bem como nos benef\u00edcios dos aposentados e pensionistas que podem sofrer\u00a0<span style=\"font-weight: 400;\">um rev\u00e9s se n\u00e3o nos mobilizarmos e unirmos esfor\u00e7os\u201d, declarou Stedile.<\/span><\/p>\n<!-- AddThis Advanced Settings generic via filter on the_content --><!-- AddThis Share Buttons generic via filter on the_content -->","protected":false},"excerpt":{"rendered":"<p>O presidente nacional do PDT, Carlos Lupi, acompanhado do deputado federal do PDT cearense, Andr\u00e9 Figueiredo, participaram na noite desta quarta-feira (25) do ato pol\u00edtico promovido pelo Movimento dos Trabalhadores Rurais Sem Terra (MST), em defesa da reforma agr\u00e1ria, dos diretos sociais e da democracia. O evento contou ainda com as presen\u00e7as da vice-governadora do&#8230;<!-- AddThis Advanced Settings generic via filter on wp_trim_excerpt --><!-- AddThis Share Buttons generic via filter on wp_trim_excerpt --><\/p>\n","protected":false},"author":17,"featured_media":52501,"comment_status":"closed","ping_status":"closed","sticky":false,"template":"","format":"standard","meta":{"_monsterinsights_skip_tracking":false,"_monsterinsights_sitenote_active":false,"_monsterinsights_sitenote_note":"","_monsterinsights_sitenote_category":0,"_uf_show_specific_survey":0,"_uf_disable_surveys":false,"footnotes":""},"categories":[1401],"tags":[],"class_list":["post-52500","post","type-post","status-publish","format-standard","has-post-thumbnail","hentry","category-nacional"],"acf":[],"_links":{"self":[{"href":"https:\/\/pdt-rj.org.br\/index.php\/wp-json\/wp\/v2\/posts\/52500","targetHints":{"allow":["GET"]}}],"collection":[{"href":"https:\/\/pdt-rj.org.br\/index.php\/wp-json\/wp\/v2\/posts"}],"about":[{"href":"https:\/\/pdt-rj.org.br\/index.php\/wp-json\/wp\/v2\/types\/post"}],"author":[{"embeddable":true,"href":"https:\/\/pdt-rj.org.br\/index.php\/wp-json\/wp\/v2\/users\/17"}],"replies":[{"embeddable":true,"href":"https:\/\/pdt-rj.org.br\/index.php\/wp-json\/wp\/v2\/comments?post=52500"}],"version-history":[{"count":7,"href":"https:\/\/pdt-rj.org.br\/index.php\/wp-json\/wp\/v2\/posts\/52500\/revisions"}],"predecessor-version":[{"id":52751,"href":"https:\/\/pdt-rj.org.br\/index.php\/wp-json\/wp\/v2\/posts\/52500\/revisions\/52751"}],"wp:featuredmedia":[{"embeddable":true,"href":"https:\/\/pdt-rj.org.br\/index.php\/wp-json\/wp\/v2\/media\/52501"}],"wp:attachment":[{"href":"https:\/\/pdt-rj.org.br\/index.php\/wp-json\/wp\/v2\/media?parent=52500"}],"wp:term":[{"taxonomy":"category","embeddable":true,"href":"https:\/\/pdt-rj.org.br\/index.php\/wp-json\/wp\/v2\/categories?post=52500"},{"taxonomy":"post_tag","embeddable":true,"href":"https:\/\/pdt-rj.org.br\/index.php\/wp-json\/wp\/v2\/tags?post=52500"}],"curies":[{"name":"wp","href":"https:\/\/api.w.org\/{rel}","templated":true}]}}