{"id":52450,"date":"2017-01-21T22:08:01","date_gmt":"2017-01-22T00:08:01","guid":{"rendered":"http:\/\/pdt-rj.org.br\/?p=52450"},"modified":"2017-01-21T22:14:12","modified_gmt":"2017-01-22T00:14:12","slug":"52450","status":"publish","type":"post","link":"https:\/\/pdt-rj.org.br\/index.php\/52450\/","title":{"rendered":"Brizola vive e completa 95 anos"},"content":{"rendered":"<p>Neste 22 de janeiro, o menino Itagiba completa 95 anos. Nascido em Cruzinha munic\u00edpio de Carazinho (RS), em 1922, aos 14 anos teve que providenciar o seu registro de nascimento para matricular-se na Escola Agr\u00edcola de Viam\u00e3o (RS), ocasi\u00e3o em que resolveu oficializar o nome de LEONEL, que ele mesmo havia escolhido, em homenagem ao capit\u00e3o maragato Leonel Rocha.<\/p>\n<p>Nascido em lar humilde, o filho mais novo de D\u00aa Oniva e seu Jos\u00e9, foi engraxate, entregador de carne, carregador de malas em Carazinho e mais tarde, para manter seus estudos em Porto Alegre, trabalhou como ascensorista e zelador.<\/p>\n<p>Vitima das car\u00eancias inerentes a uma fam\u00edlia pobre, o jovem idealista, logo sensibilizou-se com os princ\u00edpios sociais do trabalhismo, pregados por Get\u00falio Vargas, e participou, em 1945, da funda\u00e7\u00e3o do PTB.<\/p>\n<p>Come\u00e7ava ai uma das mais brilhantes e obstinadas carreiras de um pol\u00edtico na defesa das suas convic\u00e7\u00f5es.<\/p>\n<p>Militante da mocidade trabalhista, o estudante de engenharia Leonel Brizola, assume a presid\u00eancia desse movimento pol\u00edtico e demonstra desde cedo, a sua capacidade de lideran\u00e7a, atraindo estudantes para integrar o Partido Trabalhista.<\/p>\n<p>Seu relacionamento f\u00e1cil com as lideran\u00e7as estudantis e sindicais pavimentaram sua candidatura, pelo PTB, \u00e0 Assembleia Constituinte de 1947 e, aos 25 anos foi eleito deputado estadual com uma proposta in\u00e9dita: EDUCA\u00c7\u00c3O PARA TODOS.<\/p>\n<p>Em 1949, o engraxate forma-se Engenheiro Civil pela Universidade Federal do RS e, em 1950, casa-se com Neusa Goulart, irm\u00e3 de Jo\u00e3o Goulart, sua companheira insepar\u00e1vel, e \u00e9 reeleito deputado estadual mais votado do RS.<\/p>\n<p>Nomeado Secret\u00e1rio de Obras P\u00fablica pelo governador Ernesto Dorneles, revelou-se um excelente administrador e, em 1954, \u00e9 eleito deputado federal, depois de implantar no Estado o 1\u00ba Plano de Obras.<\/p>\n<p>Em 1955, menos de 20 anos depois de chegar sozinho, sem conhecer ningu\u00e9m, assume a Prefeitura da Capital do seu Estado.<\/p>\n<p>Depois de realizar uma das melhores administra\u00e7\u00f5es de toda hist\u00f3ria da Prefeitura de Porto Alegre, onde construiu 137 escolas prim\u00e1rias, 35.000 novas vagas, acabando com d\u00e9ficit escolar, \u00e9 eleito em 1958, governador do Estado, onde executou a melhor e mais prof\u00edcua administra\u00e7\u00e3o que o Rio Grande do Sul jamais conheceu. Mudou o perfil econ\u00f4mico, industrial, agr\u00edcola e educacional do Estado. Quando assumiu o governo encontrou 1.795 escolas e 300.000 alunos. Entre 1959 e 1962, construiu 5.902 escolas prim\u00e1rias, 278 escolas t\u00e9cnicas urbanas e rurais e 131 gin\u00e1sios, col\u00e9gios e escolas normais, totalizando 6.302 novos estabelecimentos de ensino. Foram abertas 688.209 novas matr\u00edculas e admitidos 42.153 novos professores.<\/p>\n<p>Em 1962 elegeu-se deputado federal pelo antigo estado da Guanabara, e em 1964 foi cassado pelo golpe militar. Vai para o ex\u00edlio mais longo de um pol\u00edtico brasileiro de onde retornou em 1979.<\/p>\n<p>Em 1982 elege-se governador do estado do Rio de Janeiro pelo PDT. \u00danico brasileiro que governou dois estados. Logo que assumiu o governo, nomeou para Secret\u00e1rio de Estado seu Vice-Governador, Professor Darcy Ribeiro, disc\u00edpulo de An\u00edsio Teixeira, que juntamente com o Arquiteto Oscar Niemayer, surpreenderam o Brasil com o CIEP um Centro Integrado de Educa\u00e7\u00e3o P\u00fablica, uma proposta inovadora de democratiza\u00e7\u00e3o da educa\u00e7\u00e3o p\u00fablica.<\/p>\n<p>Em 1990 reelege-se governador do Rio de Janeiro e conclui o maior programa educacional do Brasil, atrav\u00e9s da implanta\u00e7\u00e3o de 506 CIEPs.<\/p>\n<p>Dia 21 de junho de 2004, nosso Her\u00f3i da P\u00e1tria saiu de cena.<\/p>\n<p>Registramos a nossa profunda saudade, principalmente, neste momento, em que a corrup\u00e7\u00e3o, o nepotismo e a falta de \u00e9tica corroem os poderes republicanos, sem que uma voz que tenha a sua credibilidade e a sua autoridade, levante-se na defesa do povo humilhado.<\/p>\n<p>\u201cLembramos a todos que houve um pol\u00edtico que foi grande quando vivo e que ficou ainda maior quando a gente sente sua aus\u00eancia. Viva Brizola, pelo seu tamanho em vida e pelo sentimento de aus\u00eancia que ele nos passa!\u201d (Cristovam Buarque)<\/p>\n<p>Para n\u00f3s, seus amigos e seus companheiros, e para mim em particular que em 1957, aos 19 anos passei a integrar a sua equipe na Prefeitura de Porto Alegre, <strong>Brizola vive<\/strong> atrav\u00e9s do legado das suas ideias, da sua coer\u00eancia e da sua coragem e determina\u00e7\u00e3o na luta da defesa dos interesses e dos anseios do povo brasileiro. Cabe a n\u00f3s, os seus seguidores trabalhistas aut\u00eanticos, dar continuidade aos seus projetos e as suas propostas consubstanciadas na Miss\u00e3o que Ele legou ao PDT: \u201cN\u00f3s temos a nossa responsabilidade com a hist\u00f3ria. Nosso partido \u00e9 o \u00fanico com determina\u00e7\u00e3o de assumir as grandes causas nacionais. Nenhum partido \u00e9 t\u00e3o nacionalista quanto o nosso. Queremos um pa\u00eds desenvolvido, aut\u00f4nomo, independente. N\u00f3s somos a emana\u00e7\u00e3o das lutas sociais. O trabalhismo nasceu da Revolu\u00e7\u00e3o de 30, de uma inspira\u00e7\u00e3o do Presidente Get\u00falio Vargas, que foi evoluindo de acordo com o processo social, empenhado em garantir direitos \u00e0 massa dos deserdados.<\/p>\n<p>N\u00f3s somos as verdadeiras reformas, a mudan\u00e7a, o voto rebelde. O PDT \u00e9 um partido derramadamente democr\u00e1tico. Somos a express\u00e3o brasileira do socialismo democr\u00e1tico e tomamos a fei\u00e7\u00e3o social democrata, pois \u00e9 preciso chegar a um certo n\u00edvel de igualitarismo para termos desenvolvimento. N\u00f3s temos gen\u00e9tica, somos uma grande sementeira de ideias em beneficio do povo brasileiro. Temos que estar sempre onde est\u00e1 o povo. Existimos para dar voz aos que n\u00e3o tem voz. Nossa ancoragem \u00e9 a \u00e1rea deserdada da popula\u00e7\u00e3o. Nosso guia \u00e9 o \u201cinteresse p\u00fablico e o bem comum\u201d.&#8221;<\/p>\n<!-- AddThis Advanced Settings generic via filter on the_content --><!-- AddThis Share Buttons generic via filter on the_content -->","protected":false},"excerpt":{"rendered":"<p>Neste 22 de janeiro, o menino Itagiba completa 95 anos. Nascido em Cruzinha munic\u00edpio de Carazinho (RS), em 1922, aos 14 anos teve que providenciar o seu registro de nascimento para matricular-se na Escola Agr\u00edcola de Viam\u00e3o (RS), ocasi\u00e3o em que resolveu oficializar o nome de LEONEL, que ele mesmo havia escolhido, em homenagem ao&#8230;<!-- AddThis Advanced Settings generic via filter on wp_trim_excerpt --><!-- AddThis Share Buttons generic via filter on wp_trim_excerpt --><\/p>\n","protected":false},"author":17,"featured_media":0,"comment_status":"closed","ping_status":"closed","sticky":false,"template":"","format":"standard","meta":{"_monsterinsights_skip_tracking":false,"_monsterinsights_sitenote_active":false,"_monsterinsights_sitenote_note":"","_monsterinsights_sitenote_category":0,"_uf_show_specific_survey":0,"_uf_disable_surveys":false,"footnotes":""},"categories":[1584],"tags":[1941,1935,1942,1545,277,437,1855,1944,565,1943,38,1439,46,1945],"class_list":["post-52450","post","type-post","status-publish","format-standard","hentry","category-artigos","tag-anisio-teixeira","tag-brizola-vive","tag-centro-integrado-de-educacao-publica","tag-cieps","tag-darcy-ribeiro","tag-getulio-vargas","tag-hari-alexandre-brust","tag-heroi-da-patria","tag-leonel-brizola","tag-oscar-niemayer","tag-pdt","tag-porto-alegre-rs","tag-trabalhismo","tag-voto-rebelde"],"acf":[],"_links":{"self":[{"href":"https:\/\/pdt-rj.org.br\/index.php\/wp-json\/wp\/v2\/posts\/52450","targetHints":{"allow":["GET"]}}],"collection":[{"href":"https:\/\/pdt-rj.org.br\/index.php\/wp-json\/wp\/v2\/posts"}],"about":[{"href":"https:\/\/pdt-rj.org.br\/index.php\/wp-json\/wp\/v2\/types\/post"}],"author":[{"embeddable":true,"href":"https:\/\/pdt-rj.org.br\/index.php\/wp-json\/wp\/v2\/users\/17"}],"replies":[{"embeddable":true,"href":"https:\/\/pdt-rj.org.br\/index.php\/wp-json\/wp\/v2\/comments?post=52450"}],"version-history":[{"count":4,"href":"https:\/\/pdt-rj.org.br\/index.php\/wp-json\/wp\/v2\/posts\/52450\/revisions"}],"predecessor-version":[{"id":52455,"href":"https:\/\/pdt-rj.org.br\/index.php\/wp-json\/wp\/v2\/posts\/52450\/revisions\/52455"}],"wp:attachment":[{"href":"https:\/\/pdt-rj.org.br\/index.php\/wp-json\/wp\/v2\/media?parent=52450"}],"wp:term":[{"taxonomy":"category","embeddable":true,"href":"https:\/\/pdt-rj.org.br\/index.php\/wp-json\/wp\/v2\/categories?post=52450"},{"taxonomy":"post_tag","embeddable":true,"href":"https:\/\/pdt-rj.org.br\/index.php\/wp-json\/wp\/v2\/tags?post=52450"}],"curies":[{"name":"wp","href":"https:\/\/api.w.org\/{rel}","templated":true}]}}