{"id":52445,"date":"2017-01-22T00:00:10","date_gmt":"2017-01-22T02:00:10","guid":{"rendered":"http:\/\/pdt-rj.org.br\/?p=52445"},"modified":"2017-02-10T18:28:04","modified_gmt":"2017-02-10T20:28:04","slug":"brizola-uma-trajetoria-continuada","status":"publish","type":"post","link":"https:\/\/pdt-rj.org.br\/index.php\/brizola-uma-trajetoria-continuada\/","title":{"rendered":"Brizola, uma trajet\u00f3ria continuada"},"content":{"rendered":"<p><span style=\"font-weight: 400;\">O nacionalismo brasileiro ganhou um dos seus maiores defensores na data de hoje, h\u00e1 quase um s\u00e9culo. Leonel de Moura Brizola nasceu em Carazinho (RS), num Brasil agr\u00e1rio, na \u00e9poca em que a pol\u00edtica do caf\u00e9 com leite favorecia as elites paulista e mineira. Era 22 de janeiro de 1922.\u00a0<\/span><\/p>\n<p>Nesta segunda (23) , a Dire\u00e7\u00e3o Nacional do PDT ir\u00e1 realizar uma missa na Igreja de S\u00e3o Benedito dos Homens Pretos, no Centro do Rio, \u00e0s 11 horas, para relembrar a data, dentro das celebra\u00e7\u00f5es pelos 95 anos de nascimento de Brizola.<\/p>\n<p><span style=\"font-weight: 400;\">Ainda crian\u00e7a, Brizola viu Get\u00falio Vargas chegar ao poder pela Revolu\u00e7\u00e3o de 1930. Vivenciou uma nova era, a da industrializa\u00e7\u00e3o nacional e da valoriza\u00e7\u00e3o do trabalhador. Oriundo de fam\u00edlia humilde, trabalhou como ascensorista e zelador para manter os estudos em Porto Alegre.<\/span><\/p>\n<p><span style=\"font-weight: 400;\">Leonel Brizola conhecia a dura realidade dos brasileiros porque vivia na pele as dificuldades do povo. Sua condi\u00e7\u00e3o o fez admirar os princ\u00edpios do Trabalhismo. A vontade de contribuir com a transforma\u00e7\u00e3o do pa\u00eds o levou ao Partido Trabalhista Brasileiro (PTB). Da\u00ed em diante, n\u00e3o parou de lutar.<\/span><\/p>\n<p><span style=\"font-weight: 400;\">Deputado estadual, prefeito, deputado federal, tr\u00eas vezes governador, presidenci\u00e1vel, Brizola n\u00e3o parou de promover mudan\u00e7as, sobretudo na educa\u00e7\u00e3o. Lutou pela legalidade e garantiu a posse de Jango em 1961. Depois do golpe de 1964, foi arrancado do pa\u00eds pelos militares que, de um jeito ou de outro, reconheciam sua for\u00e7a pol\u00edtica junto ao povo.<\/span><\/p>\n<p><span style=\"font-weight: 400;\">Em 1979, ap\u00f3s 15 anos de ex\u00edlio, Leonel Brizola retorna ao Brasil. Sua sede de democracia e justi\u00e7a social estava ainda mais agu\u00e7ada e amadurecida. Nascia, ent\u00e3o, o Partido Democr\u00e1tico Trabalhista (PDT), fundado por ele e seus companheiros.<\/span><\/p>\n<p><span style=\"font-weight: 400;\">Ao lado de Darcy Ribeiro, Brizola fundou os Centros Integrados de Educa\u00e7\u00e3o P\u00fablica (CIEPs), quando governador do Rio de Janeiro. Para a dupla, educa\u00e7\u00e3o era o melhor caminho para a transforma\u00e7\u00e3o social do pa\u00eds e os CIEPs contemplavam seus ideais. Ensino p\u00fablico, integral e de qualidade, foi isso que eles desenvolveram.<\/span><\/p>\n<p><span style=\"font-weight: 400;\">Brizola foi um nacionalista aguerrido, lutou pela soberania nacional e pelo povo brasileiro. Queria ver um Brasil mais justo, mais igual, onde a elite n\u00e3o ditasse o destino da na\u00e7\u00e3o. Sua hist\u00f3ria inspira aqueles que defendem o seu legado dando continuidade \u00e0 luta trabalhista.<\/span><\/p>\n<p><span style=\"font-weight: 400;\">Se vivo fosse, Leonel Brizola estaria completando 95 anos. Na verdade, para o verdadeiro trabalhismo brasileiro, essa afirma\u00e7\u00e3o n\u00e3o faz o menor sentido: afinal, BRIZOLA VIVE!<\/span><\/p>\n<p><span style=\"font-weight: 400;\">\u201cA educa\u00e7\u00e3o \u00e9 o \u00fanico caminho para emancipar o homem. Desenvolvimento sem educa\u00e7\u00e3o \u00e9 cria\u00e7\u00e3o de riquezas apenas para alguns privilegiados.\u201d<\/span><\/p>\n<p><span style=\"font-weight: 400;\">Leonel de Moura Brizola (1922 &#8211; 2004)<\/span><\/p>\n<p><strong>Clique <a href=\"http:\/\/pdt-rj.org.br\/index.php\/52450\/\">aqui<\/a> e confira o artigo de Hari Alexandre Brust, membro da Executiva do PDT-Bahia, sobre os 95 anos de Brizola.<\/strong><\/p>\n<!-- AddThis Advanced Settings generic via filter on the_content --><!-- AddThis Share Buttons generic via filter on the_content -->","protected":false},"excerpt":{"rendered":"<p>O nacionalismo brasileiro ganhou um dos seus maiores defensores na data de hoje, h\u00e1 quase um s\u00e9culo. Leonel de Moura Brizola nasceu em Carazinho (RS), num Brasil agr\u00e1rio, na \u00e9poca em que a pol\u00edtica do caf\u00e9 com leite favorecia as elites paulista e mineira. Era 22 de janeiro de 1922.\u00a0 Nesta segunda (23) , a&#8230;<!-- AddThis Advanced Settings generic via filter on wp_trim_excerpt --><!-- AddThis Share Buttons generic via filter on wp_trim_excerpt --><\/p>\n","protected":false},"author":17,"featured_media":52446,"comment_status":"closed","ping_status":"closed","sticky":false,"template":"","format":"standard","meta":{"_monsterinsights_skip_tracking":false,"_monsterinsights_sitenote_active":false,"_monsterinsights_sitenote_note":"","_monsterinsights_sitenote_category":0,"_uf_show_specific_survey":0,"_uf_disable_surveys":false,"footnotes":""},"categories":[1401],"tags":[1935,1544,1545,277,338,437,565,1937,38,1936,46],"class_list":["post-52445","post","type-post","status-publish","format-standard","has-post-thumbnail","hentry","category-nacional","tag-brizola-vive","tag-centros-integrados-de-educacao-publica","tag-cieps","tag-darcy-ribeiro","tag-educacao","tag-getulio-vargas","tag-leonel-brizola","tag-lider","tag-pdt","tag-revolucao-de-1930","tag-trabalhismo"],"acf":[],"_links":{"self":[{"href":"https:\/\/pdt-rj.org.br\/index.php\/wp-json\/wp\/v2\/posts\/52445","targetHints":{"allow":["GET"]}}],"collection":[{"href":"https:\/\/pdt-rj.org.br\/index.php\/wp-json\/wp\/v2\/posts"}],"about":[{"href":"https:\/\/pdt-rj.org.br\/index.php\/wp-json\/wp\/v2\/types\/post"}],"author":[{"embeddable":true,"href":"https:\/\/pdt-rj.org.br\/index.php\/wp-json\/wp\/v2\/users\/17"}],"replies":[{"embeddable":true,"href":"https:\/\/pdt-rj.org.br\/index.php\/wp-json\/wp\/v2\/comments?post=52445"}],"version-history":[{"count":15,"href":"https:\/\/pdt-rj.org.br\/index.php\/wp-json\/wp\/v2\/posts\/52445\/revisions"}],"predecessor-version":[{"id":52636,"href":"https:\/\/pdt-rj.org.br\/index.php\/wp-json\/wp\/v2\/posts\/52445\/revisions\/52636"}],"wp:featuredmedia":[{"embeddable":true,"href":"https:\/\/pdt-rj.org.br\/index.php\/wp-json\/wp\/v2\/media\/52446"}],"wp:attachment":[{"href":"https:\/\/pdt-rj.org.br\/index.php\/wp-json\/wp\/v2\/media?parent=52445"}],"wp:term":[{"taxonomy":"category","embeddable":true,"href":"https:\/\/pdt-rj.org.br\/index.php\/wp-json\/wp\/v2\/categories?post=52445"},{"taxonomy":"post_tag","embeddable":true,"href":"https:\/\/pdt-rj.org.br\/index.php\/wp-json\/wp\/v2\/tags?post=52445"}],"curies":[{"name":"wp","href":"https:\/\/api.w.org\/{rel}","templated":true}]}}