{"id":52436,"date":"2017-01-20T18:10:30","date_gmt":"2017-01-20T20:10:30","guid":{"rendered":"http:\/\/pdt-rj.org.br\/?p=52436"},"modified":"2017-02-10T18:22:10","modified_gmt":"2017-02-10T20:22:10","slug":"o-brasil-vive-o-mito-da-igualdade-racial-afirma-ivaldo-paixao","status":"publish","type":"post","link":"https:\/\/pdt-rj.org.br\/index.php\/o-brasil-vive-o-mito-da-igualdade-racial-afirma-ivaldo-paixao\/","title":{"rendered":"&#8220;O Brasil vive o mito da igualdade racial,&#8221; afirma Ivaldo Paix\u00e3o"},"content":{"rendered":"<p><span style=\"font-weight: 400;\">Na Carta de Lisboa, os trabalhistas previam justi\u00e7a social aos negros. \u201cFoi com suas energias que se construiu a nacionalidade brasileira\u201d, diz o documento. Desde ent\u00e3o, o PDT contabiliza in\u00fameras conquistas na luta pela igualdade racial, capitaneado por seu Movimento Negro.<\/span><\/p>\n<p><span style=\"font-weight: 400;\">Ex-diretor da Funda\u00e7\u00e3o Cultural Palmares e com vasto curr\u00edculo no enfrentamento ao racismo, Ivaldo Paix\u00e3o hoje \u00e9 presidente do Movimento Negro do PDT. Em entrevista \u00e0 p\u00e1gina eletr\u00f4nica do PDT, Paix\u00e3o conta um pouco da luta e das conquistas alcan\u00e7adas pelo grupo que lidera.<\/span><\/p>\n<p><span style=\"font-weight: 400;\">Paix\u00e3o \u00e9 capit\u00e3o de Longo Curso da Marinha Mercante. Foi diretor da Funda\u00e7\u00e3o Cultural Palmares \/ Minist\u00e9rio da Cultura, coordenador de Pol\u00edticas P\u00fablicas de Promo\u00e7\u00e3o da Igualdade Racial do estado do Cear\u00e1, presidente da Associa\u00e7\u00e3o de Aposentados da Petrobras no estado do Cear\u00e1 e presidente da Federa\u00e7\u00e3o de Entidades do Terceiro Setor do estado do Cear\u00e1.<\/span><\/p>\n<p>&nbsp;<\/p>\n<p><b>O senhor tem um grande hist\u00f3rico no enfrentamento ao racismo. Como chegou ao Movimento Negro do PDT?<\/b><\/p>\n<p><strong><i>Ivaldo Paix\u00e3o<\/i><\/strong><span style=\"font-weight: 400;\"><strong> \u2013<\/strong> Em 1994, fui convidado pessoalmente por Brizola, Abdias Nascimento e Dr. Edialeda Salgado para fundar o Movimento Negro no Cear\u00e1. Foi uma honra. De l\u00e1 pra c\u00e1, cumpri v\u00e1rios cargos no Movimento. Fui vice-presidente e, desde o falecimento da nossa presidente Edialeda, e em 2010, assumi a presid\u00eancia.<\/span><\/p>\n<p><b>Qual a forma de atua\u00e7\u00e3o do Movimento para cumprir o que estabelece a Carta de Lisboa?<\/b><\/p>\n<p><strong>Paix\u00e3o<\/strong><span style=\"font-weight: 400;\"><strong> \u2013<\/strong> N\u00f3s desenvolvemos pol\u00edticas p\u00fablicas de igualdade racial e enfrentamento ao racismo. Isso \u00e9 feito criando movimentos nos Estados e capacitando nossa milit\u00e2ncia. A Funda\u00e7\u00e3o Leonel Brizola &#8211; Alberto Pasqualini, por exemplo, est\u00e1 disponibilizando m\u00f3dulos gratuitos para capacita\u00e7\u00e3o em diversas linguagens de combate ao racismo. Ter\u00e3o v\u00eddeos tamb\u00e9m. O conte\u00fado foi todo desenvolvido por acad\u00eamicos militantes. <\/span><\/p>\n<p><span style=\"font-weight: 400;\">Participamos da gest\u00e3o de pol\u00edticas de igualdade social em todos os Estados. Eu era gestor no Cear\u00e1. A gestora em Florian\u00f3polis, hoje, \u00e9 do Movimento. Essa forte atua\u00e7\u00e3o vem da nossa experi\u00eancia e pioneirismo partid\u00e1rio na luta pela igualdade racial.<\/span><\/p>\n<p><b>Em um pa\u00eds como o Brasil, ainda carregado de racismo, \u00e9 dif\u00edcil levar essa bandeira adiante?<\/b><\/p>\n<p><strong><i>Paix\u00e3o<\/i><\/strong><span style=\"font-weight: 400;\"><strong> \u2013<\/strong> O Brasil vive o mito da democracia racial. Muitas pessoas s\u00e3o contra as a\u00e7\u00f5es afirmativas para negros porque acreditam nesse mito. A realidade \u00e9 outra. Enquanto nos pres\u00eddios a maioria \u00e9 negra, nas grandes empresas s\u00e3o poucos os negros nos cargos executivos. Mas isso vem mudando, principalmente depois de 2002, na confer\u00eancia de Durban, quando o Brasil assumiu que o racismo existia no pa\u00eds e precisava ser combatido. Pela natureza do PDT, pelo apoio que tive do mestre Brizola e, hoje, do nosso presidente Lupi, o trabalho do Movimento Negro p\u00f4de se desenvolver muito bem e gerar resultado.<\/span><\/p>\n<p><b>Onde \u00e9 poss\u00edvel ver os resultados da luta do Movimento Negro do PDT?<\/b><\/p>\n<p><strong><i>Paix\u00e3o<\/i><\/strong><span style=\"font-weight: 400;\"><strong> \u2013<\/strong> O resultado de nossa luta \u00e9 vis\u00edvel em v\u00e1rios setores da sociedade e vem de longa data. Participamos da cria\u00e7\u00e3o de cotas nas universidades e no servi\u00e7o p\u00fablico. Foi uma gest\u00e3o pedetista que implantou o primeiro sistema de cotas do pa\u00eds, na Universidade Estadual do Rio de Janeiro. Sem contar tudo o que fizemos durante o governo Brizola, com nomea\u00e7\u00e3o de tr\u00eas secret\u00e1rios negros e, pela primeira vez na hist\u00f3ria do pa\u00eds, uma secret\u00e1ria negra, Dra. Edialeda. Teve tamb\u00e9m a cria\u00e7\u00e3o da 1\u00b0 Secretaria de Defesa e Promo\u00e7\u00e3o das Popula\u00e7\u00f5es Afro-Brasileiras, e por a\u00ed vai.<\/span><\/p>\n<p><span style=\"font-weight: 400;\">O Movimento Negro do PDT teve sorte de ter um \u00edcone internacional na luta das quest\u00f5es raciais como o senador Abdias. Brizola tamb\u00e9m foi fundamental, incluindo o combate \u00e0 desigualdade racial em seus programas, tanto de governo quando do partido. Ali colocamos em pr\u00e1tica o nosso discurso. Hoje, me preocupo com esse governo interino. Tenho visto o esvaziamento das secretarias de igualdade social do Minist\u00e9rio da Cultura e isso \u00e9 um retrocesso. Mas \u00e9 esse tipo de coisa que nos motiva e d\u00e1 for\u00e7a para nos reestruturarmos e enfrentarmos o processo que est\u00e1 acontecendo.<\/span><\/p>\n<!-- AddThis Advanced Settings generic via filter on the_content --><!-- AddThis Share Buttons generic via filter on the_content -->","protected":false},"excerpt":{"rendered":"<p>Na Carta de Lisboa, os trabalhistas previam justi\u00e7a social aos negros. \u201cFoi com suas energias que se construiu a nacionalidade brasileira\u201d, diz o documento. Desde ent\u00e3o, o PDT contabiliza in\u00fameras conquistas na luta pela igualdade racial, capitaneado por seu Movimento Negro. Ex-diretor da Funda\u00e7\u00e3o Cultural Palmares e com vasto curr\u00edculo no enfrentamento ao racismo, Ivaldo&#8230;<!-- AddThis Advanced Settings generic via filter on wp_trim_excerpt --><!-- AddThis Share Buttons generic via filter on wp_trim_excerpt --><\/p>\n","protected":false},"author":17,"featured_media":52437,"comment_status":"closed","ping_status":"closed","sticky":false,"template":"","format":"standard","meta":{"_monsterinsights_skip_tracking":false,"_monsterinsights_sitenote_active":false,"_monsterinsights_sitenote_note":"","_monsterinsights_sitenote_category":0,"_uf_show_specific_survey":0,"_uf_disable_surveys":false,"footnotes":""},"categories":[1390,1397,1587],"tags":[1940,196,1934,1939,1938,426,1133,1919,38,1933],"class_list":["post-52436","post","type-post","status-publish","format-standard","has-post-thumbnail","hentry","category-editorias","category-movimentos","category-negro","tag-abdias-nascimento","tag-carlos-lupi","tag-carta-de-lisboa","tag-democracia-racial","tag-fundacao-cultural-palmares","tag-fundacao-leonel-brizola-alberto-pasqualini","tag-ivaldo-paixao","tag-movimento-negro","tag-pdt","tag-racismo"],"acf":[],"_links":{"self":[{"href":"https:\/\/pdt-rj.org.br\/index.php\/wp-json\/wp\/v2\/posts\/52436","targetHints":{"allow":["GET"]}}],"collection":[{"href":"https:\/\/pdt-rj.org.br\/index.php\/wp-json\/wp\/v2\/posts"}],"about":[{"href":"https:\/\/pdt-rj.org.br\/index.php\/wp-json\/wp\/v2\/types\/post"}],"author":[{"embeddable":true,"href":"https:\/\/pdt-rj.org.br\/index.php\/wp-json\/wp\/v2\/users\/17"}],"replies":[{"embeddable":true,"href":"https:\/\/pdt-rj.org.br\/index.php\/wp-json\/wp\/v2\/comments?post=52436"}],"version-history":[{"count":6,"href":"https:\/\/pdt-rj.org.br\/index.php\/wp-json\/wp\/v2\/posts\/52436\/revisions"}],"predecessor-version":[{"id":52793,"href":"https:\/\/pdt-rj.org.br\/index.php\/wp-json\/wp\/v2\/posts\/52436\/revisions\/52793"}],"wp:featuredmedia":[{"embeddable":true,"href":"https:\/\/pdt-rj.org.br\/index.php\/wp-json\/wp\/v2\/media\/52437"}],"wp:attachment":[{"href":"https:\/\/pdt-rj.org.br\/index.php\/wp-json\/wp\/v2\/media?parent=52436"}],"wp:term":[{"taxonomy":"category","embeddable":true,"href":"https:\/\/pdt-rj.org.br\/index.php\/wp-json\/wp\/v2\/categories?post=52436"},{"taxonomy":"post_tag","embeddable":true,"href":"https:\/\/pdt-rj.org.br\/index.php\/wp-json\/wp\/v2\/tags?post=52436"}],"curies":[{"name":"wp","href":"https:\/\/api.w.org\/{rel}","templated":true}]}}