{"id":52433,"date":"2017-01-20T16:56:29","date_gmt":"2017-01-20T18:56:29","guid":{"rendered":"http:\/\/pdt-rj.org.br\/?p=52433"},"modified":"2017-01-20T16:56:29","modified_gmt":"2017-01-20T18:56:29","slug":"deputado-gilmar-sossella-lamenta-a-morte-do-ministro-teori-zavascki","status":"publish","type":"post","link":"https:\/\/pdt-rj.org.br\/index.php\/deputado-gilmar-sossella-lamenta-a-morte-do-ministro-teori-zavascki\/","title":{"rendered":"Deputado Gilmar Sossella lamenta a morte do ministro Teori Zavascki"},"content":{"rendered":"<p id=\"yui_3_16_0_ym19_1_1484917452097_120827\" class=\"yiv3953868116MsoNormal\">O deputado estadual Gilmar Sossella (PDT-RS) lamentou na quinta-feira (19) a tr\u00e1gica morte do ministro do Supremo Tribunal Federal (STF), Teori Zavascki, e associa-se \u00e0s manifesta\u00e7\u00f5es de pesar, estendendo suas condol\u00eancias aos familiares, colegas e amigos.<\/p>\n<p id=\"yui_3_16_0_ym19_1_1484917452097_120826\" class=\"yiv3953868116MsoNormal\">Em 8 de dezembro de 2014, quando presidente do Parlamento ga\u00facho, Sossella entregou ao ministro a Medalha do M\u00e9rito Farroupilha da Assembleia Legislativa. A homenagem foi proposta pelo ent\u00e3o deputado Paulo Odone (PPS).<\/p>\n<p id=\"yui_3_16_0_ym19_1_1484917452097_120825\" class=\"yiv3953868116MsoNormal\">\u201cFoi uma grande honra termos prestado esse reconhecimento ao ministro Teori Zavascki ainda em vida. Ele foi um not\u00e1vel t\u00e9cnico, acad\u00eamico e jurista que deixou um legado profissional a favor do direito e da justi\u00e7a baseado na integridade, seriedade e firmeza\u201d, considerou.<\/p>\n<p id=\"yui_3_16_0_ym19_1_1484917452097_120824\" class=\"yiv3953868116MsoNormal\">A Medalha do M\u00e9rito Farroupilha \u00e9 a distin\u00e7\u00e3o m\u00e1xima da Assembleia Ga\u00facha, concedida em sess\u00e3o solene no Pal\u00e1cio Farroupilha em Porto Alegre. \u00c9 uma medalha destinada a pessoas que contribu\u00edram para o desenvolvimento econ\u00f4mico, social e cultural do estado do Rio Grande do Sul.<\/p>\n<!-- AddThis Advanced Settings generic via filter on the_content --><!-- AddThis Share Buttons generic via filter on the_content -->","protected":false},"excerpt":{"rendered":"<p>O deputado estadual Gilmar Sossella (PDT-RS) lamentou na quinta-feira (19) a tr\u00e1gica morte do ministro do Supremo Tribunal Federal (STF), Teori Zavascki, e associa-se \u00e0s manifesta\u00e7\u00f5es de pesar, estendendo suas condol\u00eancias aos familiares, colegas e amigos. Em 8 de dezembro de 2014, quando presidente do Parlamento ga\u00facho, Sossella entregou ao ministro a Medalha do M\u00e9rito&#8230;<!-- AddThis Advanced Settings generic via filter on wp_trim_excerpt --><!-- AddThis Share Buttons generic via filter on wp_trim_excerpt --><\/p>\n","protected":false},"author":17,"featured_media":52434,"comment_status":"closed","ping_status":"closed","sticky":false,"template":"","format":"standard","meta":{"_monsterinsights_skip_tracking":false,"_monsterinsights_sitenote_active":false,"_monsterinsights_sitenote_note":"","_monsterinsights_sitenote_category":0,"_uf_show_specific_survey":0,"_uf_disable_surveys":false,"footnotes":""},"categories":[1402],"tags":[1173,1932,38,1439,909],"class_list":["post-52433","post","type-post","status-publish","format-standard","has-post-thumbnail","hentry","category-cidades","tag-gilmar-sossella","tag-medalha-do-merito-farroupilha","tag-pdt","tag-porto-alegre-rs","tag-teori-zavascki"],"acf":[],"_links":{"self":[{"href":"https:\/\/pdt-rj.org.br\/index.php\/wp-json\/wp\/v2\/posts\/52433","targetHints":{"allow":["GET"]}}],"collection":[{"href":"https:\/\/pdt-rj.org.br\/index.php\/wp-json\/wp\/v2\/posts"}],"about":[{"href":"https:\/\/pdt-rj.org.br\/index.php\/wp-json\/wp\/v2\/types\/post"}],"author":[{"embeddable":true,"href":"https:\/\/pdt-rj.org.br\/index.php\/wp-json\/wp\/v2\/users\/17"}],"replies":[{"embeddable":true,"href":"https:\/\/pdt-rj.org.br\/index.php\/wp-json\/wp\/v2\/comments?post=52433"}],"version-history":[{"count":1,"href":"https:\/\/pdt-rj.org.br\/index.php\/wp-json\/wp\/v2\/posts\/52433\/revisions"}],"predecessor-version":[{"id":52435,"href":"https:\/\/pdt-rj.org.br\/index.php\/wp-json\/wp\/v2\/posts\/52433\/revisions\/52435"}],"wp:featuredmedia":[{"embeddable":true,"href":"https:\/\/pdt-rj.org.br\/index.php\/wp-json\/wp\/v2\/media\/52434"}],"wp:attachment":[{"href":"https:\/\/pdt-rj.org.br\/index.php\/wp-json\/wp\/v2\/media?parent=52433"}],"wp:term":[{"taxonomy":"category","embeddable":true,"href":"https:\/\/pdt-rj.org.br\/index.php\/wp-json\/wp\/v2\/categories?post=52433"},{"taxonomy":"post_tag","embeddable":true,"href":"https:\/\/pdt-rj.org.br\/index.php\/wp-json\/wp\/v2\/tags?post=52433"}],"curies":[{"name":"wp","href":"https:\/\/api.w.org\/{rel}","templated":true}]}}