{"id":52428,"date":"2017-01-19T21:36:24","date_gmt":"2017-01-19T23:36:24","guid":{"rendered":"http:\/\/pdt-rj.org.br\/?p=52428"},"modified":"2017-02-10T18:26:03","modified_gmt":"2017-02-10T20:26:03","slug":"contra-apoio-a-maia-juventude-do-pdt-se-retira-da-bienal-da-une","status":"publish","type":"post","link":"https:\/\/pdt-rj.org.br\/index.php\/contra-apoio-a-maia-juventude-do-pdt-se-retira-da-bienal-da-une\/","title":{"rendered":"Contra apoio a Maia, Juventude do PDT se retira da Bienal da UNE"},"content":{"rendered":"<p>A Juventude Socialista do PDT (JS) anunciou, nesta quinta-feira, que seus integrantes que militam na Uni\u00e3o Nacional dos Estudantes (UNE) n\u00e3o participar\u00e3o da 10\u00aa Bienal, promovida pela referida institui\u00e7\u00e3o estudantil, que ser\u00e1 realizada em Fortaleza no dia 29 de janeiro.<\/p>\n<p>Em nota, a dire\u00e7\u00e3o da JS explica que essa decis\u00e3o \u00e9 um posicionamento contra as recentes manifesta\u00e7\u00f5es de apoio de organiza\u00e7\u00f5es juvenis que comp\u00f5em a UNE aos partidos de esquerda favor\u00e1veis \u00e0 candidatura do deputado federal Rodrigo Maia (DEM-RJ) para a presid\u00eancia da C\u00e2mara dos Deputados.<\/p>\n<p>De acordo com o movimento pedetista, a JS n\u00e3o aceitar\u00e1 &#8220;que a Uni\u00e3o Nacional dos Estudantes seja palco para grupos que apoiaram o golpe institucional recentemente deflagrado em nosso pa\u00eds.&#8221;<\/p>\n<p>&nbsp;<\/p>\n<p>Leia abaixo a nota na \u00edntegra:<\/p>\n<p>&nbsp;<\/p>\n<p style=\"text-align: center;\"><strong><u>N\u00c3O EM NOSSO NOME<\/u><\/strong><\/p>\n<p>&nbsp;<\/p>\n<p>A aguda crise pol\u00edtica que toma conta do pa\u00eds exige dos setores progressistas um grande senso de responsabilidade e unidade. A hora \u00e9 de pensar o Brasil acima de qualquer interesse particular.<\/p>\n<p>Recebemos com estranheza e preocupa\u00e7\u00e3o a ades\u00e3o de organiza\u00e7\u00f5es juvenis que comp\u00f5em a Uni\u00e3o Nacional dos Estudantes a uma narrativa que legitima o apoio de partidos de esquerda no Congresso Nacional \u00e0s candidaturas do bloco governista golpista, a saber: Rodrigo Maia (DEM-RJ) para a presid\u00eancia da C\u00e2mara dos Deputados.<\/p>\n<p>Nesse momento assumimos nossa responsabilidade hist\u00f3rica junto \u00e0\u00a0juventude brasileira e tomamos posi\u00e7\u00e3o: n\u00e3o aceitaremos que a Uni\u00e3o Nacional dos Estudantes seja palco para grupos que apoiaram o golpe institucional recentemente deflagrado em nosso pa\u00eds.<\/p>\n<p>Logo, os estudantes da Juventude Socialista que militam no movimento estudantil cancelam a sua participa\u00e7\u00e3o na 10\u00aa Bienal da UNE, que ocorrer\u00e1 em Fortaleza a partir de 29 de janeiro, visto o eminente risco de desvirtuamento do evento como um f\u00f3rum progressista, j\u00e1 que seu grupo dirigente tem costeado o alambrado em rela\u00e7\u00e3o ao Governo golpista de Michel Temer apoiando seus aliados no Congresso Nacional.<\/p>\n<p>Acompanhando as bases, esta Dire\u00e7\u00e3o desautoriza oficialmente qualquer dirigente, militante ou filiado da Juventude Socialista a utilizar o nome de nossa organiza\u00e7\u00e3o durante a Bienal. Por fim, conclamamos uma profunda reflex\u00e3o das companheiras e companheiros do movimento estudantil sobre como devemos caminhar daqui para a frente, no fortalecimento de um verdadeiro bloco oposicionista, amplo e democr\u00e1tico.<\/p>\n<p style=\"text-align: center;\"><strong>Everton Gomes<\/strong><\/p>\n<p style=\"text-align: center;\"><strong>Presidente Nacional da Juventude Socialista do PDT<\/strong><\/p>\n<!-- AddThis Advanced Settings generic via filter on the_content --><!-- AddThis Share Buttons generic via filter on the_content -->","protected":false},"excerpt":{"rendered":"<p>A Juventude Socialista do PDT (JS) anunciou, nesta quinta-feira, que seus integrantes que militam na Uni\u00e3o Nacional dos Estudantes (UNE) n\u00e3o participar\u00e3o da 10\u00aa Bienal, promovida pela referida institui\u00e7\u00e3o estudantil, que ser\u00e1 realizada em Fortaleza no dia 29 de janeiro. Em nota, a dire\u00e7\u00e3o da JS explica que essa decis\u00e3o \u00e9 um posicionamento contra as&#8230;<!-- AddThis Advanced Settings generic via filter on wp_trim_excerpt --><!-- AddThis Share Buttons generic via filter on wp_trim_excerpt --><\/p>\n","protected":false},"author":17,"featured_media":52429,"comment_status":"closed","ping_status":"closed","sticky":false,"template":"","format":"standard","meta":{"_monsterinsights_skip_tracking":false,"_monsterinsights_sitenote_active":false,"_monsterinsights_sitenote_note":"","_monsterinsights_sitenote_category":0,"_uf_show_specific_survey":0,"_uf_disable_surveys":false,"footnotes":""},"categories":[1586,1397],"tags":[1796,539,38,1821,1931],"class_list":["post-52428","post","type-post","status-publish","format-standard","has-post-thumbnail","hentry","category-juventude-socialista","category-movimentos","tag-everton-gomes","tag-juventude-socialista","tag-pdt","tag-presidencia-da-camara-dos-deputados","tag-rodrigo-maia"],"acf":[],"_links":{"self":[{"href":"https:\/\/pdt-rj.org.br\/index.php\/wp-json\/wp\/v2\/posts\/52428","targetHints":{"allow":["GET"]}}],"collection":[{"href":"https:\/\/pdt-rj.org.br\/index.php\/wp-json\/wp\/v2\/posts"}],"about":[{"href":"https:\/\/pdt-rj.org.br\/index.php\/wp-json\/wp\/v2\/types\/post"}],"author":[{"embeddable":true,"href":"https:\/\/pdt-rj.org.br\/index.php\/wp-json\/wp\/v2\/users\/17"}],"replies":[{"embeddable":true,"href":"https:\/\/pdt-rj.org.br\/index.php\/wp-json\/wp\/v2\/comments?post=52428"}],"version-history":[{"count":3,"href":"https:\/\/pdt-rj.org.br\/index.php\/wp-json\/wp\/v2\/posts\/52428\/revisions"}],"predecessor-version":[{"id":52637,"href":"https:\/\/pdt-rj.org.br\/index.php\/wp-json\/wp\/v2\/posts\/52428\/revisions\/52637"}],"wp:featuredmedia":[{"embeddable":true,"href":"https:\/\/pdt-rj.org.br\/index.php\/wp-json\/wp\/v2\/media\/52429"}],"wp:attachment":[{"href":"https:\/\/pdt-rj.org.br\/index.php\/wp-json\/wp\/v2\/media?parent=52428"}],"wp:term":[{"taxonomy":"category","embeddable":true,"href":"https:\/\/pdt-rj.org.br\/index.php\/wp-json\/wp\/v2\/categories?post=52428"},{"taxonomy":"post_tag","embeddable":true,"href":"https:\/\/pdt-rj.org.br\/index.php\/wp-json\/wp\/v2\/tags?post=52428"}],"curies":[{"name":"wp","href":"https:\/\/api.w.org\/{rel}","templated":true}]}}