{"id":52316,"date":"2017-01-18T12:29:40","date_gmt":"2017-01-18T14:29:40","guid":{"rendered":"http:\/\/pdt-rj.org.br\/?p=52316"},"modified":"2017-02-10T18:24:18","modified_gmt":"2017-02-10T20:24:18","slug":"movimento-sindical-do-pdt","status":"publish","type":"post","link":"https:\/\/pdt-rj.org.br\/index.php\/movimento-sindical-do-pdt\/","title":{"rendered":"Sindical do PDT lamenta a\u00e7\u00f5es contra MTST"},"content":{"rendered":"<p>Em nota divulgada nesta ter\u00e7a-feira, o Movimento Sindical do PDT classifica como arbitr\u00e1ria e truculenta as a\u00e7\u00f5es policiais ocorridas ontem contra os dirigentes do Movimento dos Trabalhadores Sem Teto, em S\u00e3o Paulo, e do Sindicato dos Rodovi\u00e1rios de Manaus.<\/p>\n<p>O movimento pedetista manifesta apoio e solidariedade aos referidos movimentos e convida os demais companheiros sindicalistas a refletirem sobre o as dificuldades a serem enfrentadas ao longo deste ano, na forma como os trabalhadores e suas dire\u00e7\u00f5es s\u00e3o tratados.<\/p>\n<p>Leia abaixo a integra da nota:<\/p>\n<p>&nbsp;<\/p>\n<p style=\"text-align: center;\"><strong>Contra a trucul\u00eancia, a resist\u00eancia democr\u00e1tica<\/strong><\/p>\n<p>&nbsp;<\/p>\n<p>Contra a resist\u00eancia dos trabalhadores, a for\u00e7a da repress\u00e3o. Essa \u00e9 a s\u00edntese das duas mais recentes agress\u00f5es ao direito democr\u00e1tico de manifesta\u00e7\u00e3o ocorridas nos \u00faltimos dias. Ontem, o coordenador do Movimento dos Trabalhadores Sem Teto, Guilherme Boulos, foi preso em S\u00e3o Paulo, junto a outro companheiro militante, justamente enquanto buscava negociar alternativas \u00e0 reintegra\u00e7\u00e3o de posse de uma ocupa\u00e7\u00e3o em S\u00e3o Mateus. A trucul\u00eancia policial foi utilizada para calar o movimento.<\/p>\n<p>Tamb\u00e9m ontem toda diretoria do Sindicato dos Rodovi\u00e1rios de Manaus teve a pris\u00e3o decretada por conta da sua posi\u00e7\u00e3o de manter a greve da categoria, apesar da ofensiva da Justi\u00e7a e patronal. A diretoria escolheu resistir em nome de sua pauta de reivindica\u00e7\u00f5es: pagamento do reajuste salarial n\u00e3o repassado h\u00e1 oito meses e do adicional de insalubridade. Nada menos que 100% da categoria aderiu ao movimento. A insatisfa\u00e7\u00e3o \u00e9 clara.<\/p>\n<p>Al\u00e9m de prestar nosso apoio e solidariedade a ambos os movimentos, queremos tamb\u00e9m convidar os demais companheiros sindicalistas a reflex\u00e3o sobre o tamanho das dificuldades que vamos enfrentar ao longo deste ano, na forma como os trabalhadores e suas dire\u00e7\u00f5es s\u00e3o tratados: a pol\u00edtica do cassetete ganha for\u00e7a para reprimir a luta social que vai se intensificar diante do tsunami de ataques a direitos.<\/p>\n<p>N\u00e3o podemos baixar a guarda. Resistir \u00e9 o nosso lema. Avan\u00e7ar, a nossa necessidade.<\/p>\n<p style=\"text-align: center;\"><strong>\u00a0<\/strong><\/p>\n<p style=\"text-align: center;\"><strong>Milton Cavalo<\/strong><\/p>\n<p style=\"text-align: center;\"><strong>Presidente do Movimento Sindical do PDT<\/strong><\/p>\n<!-- AddThis Advanced Settings generic via filter on the_content --><!-- AddThis Share Buttons generic via filter on the_content -->","protected":false},"excerpt":{"rendered":"<p>Em nota divulgada nesta ter\u00e7a-feira, o Movimento Sindical do PDT classifica como arbitr\u00e1ria e truculenta as a\u00e7\u00f5es policiais ocorridas ontem contra os dirigentes do Movimento dos Trabalhadores Sem Teto, em S\u00e3o Paulo, e do Sindicato dos Rodovi\u00e1rios de Manaus. O movimento pedetista manifesta apoio e solidariedade aos referidos movimentos e convida os demais companheiros sindicalistas&#8230;<!-- AddThis Advanced Settings generic via filter on wp_trim_excerpt --><!-- AddThis Share Buttons generic via filter on wp_trim_excerpt --><\/p>\n","protected":false},"author":17,"featured_media":50431,"comment_status":"closed","ping_status":"closed","sticky":false,"template":"","format":"standard","meta":{"_monsterinsights_skip_tracking":false,"_monsterinsights_sitenote_active":false,"_monsterinsights_sitenote_note":"","_monsterinsights_sitenote_category":0,"_uf_show_specific_survey":0,"_uf_disable_surveys":false,"footnotes":""},"categories":[1397,1589],"tags":[1911,1908,38,1909,1910],"class_list":["post-52316","post","type-post","status-publish","format-standard","has-post-thumbnail","hentry","category-movimentos","category-sindical","tag-insatisfacao","tag-movimento-sindical","tag-pdt","tag-resistencia-dos-trabalhadores","tag-truculencia-policial"],"acf":[],"_links":{"self":[{"href":"https:\/\/pdt-rj.org.br\/index.php\/wp-json\/wp\/v2\/posts\/52316","targetHints":{"allow":["GET"]}}],"collection":[{"href":"https:\/\/pdt-rj.org.br\/index.php\/wp-json\/wp\/v2\/posts"}],"about":[{"href":"https:\/\/pdt-rj.org.br\/index.php\/wp-json\/wp\/v2\/types\/post"}],"author":[{"embeddable":true,"href":"https:\/\/pdt-rj.org.br\/index.php\/wp-json\/wp\/v2\/users\/17"}],"replies":[{"embeddable":true,"href":"https:\/\/pdt-rj.org.br\/index.php\/wp-json\/wp\/v2\/comments?post=52316"}],"version-history":[{"count":6,"href":"https:\/\/pdt-rj.org.br\/index.php\/wp-json\/wp\/v2\/posts\/52316\/revisions"}],"predecessor-version":[{"id":52461,"href":"https:\/\/pdt-rj.org.br\/index.php\/wp-json\/wp\/v2\/posts\/52316\/revisions\/52461"}],"wp:featuredmedia":[{"embeddable":true,"href":"https:\/\/pdt-rj.org.br\/index.php\/wp-json\/wp\/v2\/media\/50431"}],"wp:attachment":[{"href":"https:\/\/pdt-rj.org.br\/index.php\/wp-json\/wp\/v2\/media?parent=52316"}],"wp:term":[{"taxonomy":"category","embeddable":true,"href":"https:\/\/pdt-rj.org.br\/index.php\/wp-json\/wp\/v2\/categories?post=52316"},{"taxonomy":"post_tag","embeddable":true,"href":"https:\/\/pdt-rj.org.br\/index.php\/wp-json\/wp\/v2\/tags?post=52316"}],"curies":[{"name":"wp","href":"https:\/\/api.w.org\/{rel}","templated":true}]}}